{"id":680,"date":"2020-04-06T21:06:22","date_gmt":"2020-04-06T19:06:22","guid":{"rendered":"https:\/\/www.tunisia-rentcar.com\/blog\/?p=680"},"modified":"2020-04-06T21:17:01","modified_gmt":"2020-04-06T19:17:01","slug":"mazda-fete-son-100eme-anniversaire-avec-une-serie-limitee","status":"publish","type":"post","link":"https:\/\/www.tunisia-rentcar.com\/blog\/2020\/04\/06\/mazda-fete-son-100eme-anniversaire-avec-une-serie-limitee\/","title":{"rendered":"Mazda f\u00eate son 100\u00e8me anniversaire avec une s\u00e9rie limit\u00e9e"},"content":{"rendered":"\r\n<p>Fond\u00e9 le 30 janvier 1920, Le constructeur automobile Japonais, <strong>Mazda<\/strong> a f\u00eat\u00e9 son 100\u00e8me anniversaire avec le lancement d\u2019une s\u00e9rie sp\u00e9ciale et limit\u00e9e sur la quasi-totalit\u00e9 de sa gamme.<\/p>\r\n\r\n\r\n\r\n<h1><strong>A l&#8217;automne en Europe\u2026<\/strong><\/h1>\r\n\r\n\r\n\r\n<p>La 100\u00e8me anniversaire a \u00e9t\u00e9 annonc\u00e9e et commercialis\u00e9e ce 3 Avril au Japon, et sera accessible en Europe \u00e0 partir de l&#8217;automne de 2020.<\/p>\r\n\r\n\r\n\r\n<p>Une \u00e9dition inspir\u00e9e du premier <a href=\"https:\/\/www.tunisia-rentcar.com\/voitures.php\" target=\"_blank\" rel=\"noopener noreferrer\">v\u00e9hicule<\/a> de tourisme propos\u00e9 par le constructeur japonais <a href=\"https:\/\/www.mazda.fr\/\" target=\"_blank\" rel=\"noopener noreferrer\">Mazda<\/a> en 1960 (qui f\u00eate ses 60 ans en 2020), plus particuli\u00e8rement nous parlons de la R360 Coup\u00e9.<\/p>\r\n<h2><strong>Une \u00e9dition limit\u00e9e avec un design particulier.<\/strong><\/h2>\r\n<p>Passant pour la personnalisation, la s\u00e9rie de Mazda reprend les deux couleurs iconiques qui firent le succ\u00e8s de la marque lors de sa cr\u00e9ation : Le blanc et le rouge, les centres des roues sont sp\u00e9cifiques avec l\u2019ajout d\u2019un logo exclusif entour\u00e9 d\u2019un contour rouge. A bord, le logo est pr\u00e9sent aussi sur les appuie-t\u00eate et les tapis de sol. Il est int\u00e9gr\u00e9 encore sur \u00a0la cl\u00e9.<\/p>\r\n<div id=\"attachment_682\" style=\"width: 1450px\" class=\"wp-caption aligncenter\"><img decoding=\"async\" aria-describedby=\"caption-attachment-682\" class=\"size-full wp-image-682\" src=\"https:\/\/www.tunisia-rentcar.com\/blog\/wp-content\/uploads\/2020\/04\/mazda-2020.jpg\" alt=\"mazda-2020\" width=\"1440\" height=\"960\" srcset=\"https:\/\/www.tunisia-rentcar.com\/blog\/wp-content\/uploads\/2020\/04\/mazda-2020.jpg 1440w, https:\/\/www.tunisia-rentcar.com\/blog\/wp-content\/uploads\/2020\/04\/mazda-2020-300x200.jpg 300w, https:\/\/www.tunisia-rentcar.com\/blog\/wp-content\/uploads\/2020\/04\/mazda-2020-768x512.jpg 768w, https:\/\/www.tunisia-rentcar.com\/blog\/wp-content\/uploads\/2020\/04\/mazda-2020-1024x683.jpg 1024w, https:\/\/www.tunisia-rentcar.com\/blog\/wp-content\/uploads\/2020\/04\/mazda-2020-450x300.jpg 450w, https:\/\/www.tunisia-rentcar.com\/blog\/wp-content\/uploads\/2020\/04\/mazda-2020-225x150.jpg 225w, https:\/\/www.tunisia-rentcar.com\/blog\/wp-content\/uploads\/2020\/04\/mazda-2020-900x600.jpg 900w, https:\/\/www.tunisia-rentcar.com\/blog\/wp-content\/uploads\/2020\/04\/mazda-2020-1350x900.jpg 1350w, https:\/\/www.tunisia-rentcar.com\/blog\/wp-content\/uploads\/2020\/04\/mazda-2020-20x13.jpg 20w, https:\/\/www.tunisia-rentcar.com\/blog\/wp-content\/uploads\/2020\/04\/mazda-2020-144x96.jpg 144w\" sizes=\"(max-width: 1440px) 100vw, 1440px\" \/><p id=\"caption-attachment-682\" class=\"wp-caption-text\">mazda-2020<\/p><\/div>\r\n<p>Et voici plus de d\u00e9tails sur le design sp\u00e9cifique de cette nouvelle s\u00e9rie, tels que\u00a0:<\/p>\r\n<ul>\r\n<li>Moquette rouge \u00abBurgundy\u00bb &amp; Sellerie cuir assortie<\/li>\r\n<li>T\u00e9l\u00e9commande inclus le logo \u00ab 100\u00e8me Anniversaire \u00bb expos\u00e9e dans un bo\u00eetier exclusif<\/li>\r\n<li>Plaque comm\u00e9morative sur la carrosserie<\/li>\r\n<\/ul>\r\n<p><img decoding=\"async\" class=\"size-full wp-image-684 aligncenter\" src=\"https:\/\/www.tunisia-rentcar.com\/blog\/wp-content\/uploads\/2020\/04\/mazda-2020-100-years.jpg\" alt=\"\" width=\"746\" height=\"497\" srcset=\"https:\/\/www.tunisia-rentcar.com\/blog\/wp-content\/uploads\/2020\/04\/mazda-2020-100-years.jpg 746w, https:\/\/www.tunisia-rentcar.com\/blog\/wp-content\/uploads\/2020\/04\/mazda-2020-100-years-300x200.jpg 300w, https:\/\/www.tunisia-rentcar.com\/blog\/wp-content\/uploads\/2020\/04\/mazda-2020-100-years-450x300.jpg 450w, https:\/\/www.tunisia-rentcar.com\/blog\/wp-content\/uploads\/2020\/04\/mazda-2020-100-years-225x150.jpg 225w, https:\/\/www.tunisia-rentcar.com\/blog\/wp-content\/uploads\/2020\/04\/mazda-2020-100-years-20x13.jpg 20w, https:\/\/www.tunisia-rentcar.com\/blog\/wp-content\/uploads\/2020\/04\/mazda-2020-100-years-144x96.jpg 144w\" sizes=\"(max-width: 746px) 100vw, 746px\" \/>Finalement et concernant le prix, aucune information n\u2019a \u00e9t\u00e9 divulgu\u00e9, seulement une liste de mod\u00e8les a \u00e9t\u00e9 communiqu\u00e9e jusqu\u2019\u00e0 pr\u00e9sent\u00a0: Mazda 2, Mazda 3, CX-3, CX-30, CX-5, MX-30 et MX-5. \u00a0\u00a0<\/p>\r\n<p>&nbsp;<\/p>\r\n<p><\/p>","protected":false},"excerpt":{"rendered":"<p>Fond\u00e9 le 30 janvier 1920, Le constructeur automobile Japonais, Mazda a f\u00eat\u00e9 son 100\u00e8me anniversaire avec le lancement d\u2019une s\u00e9rie sp\u00e9ciale et limit\u00e9e sur la quasi-totalit\u00e9 de sa gamme. A&hellip;<\/p>\n","protected":false},"author":1,"featured_media":681,"comment_status":"open","ping_status":"open","sticky":false,"template":"","format":"standard","meta":{"footnotes":""},"categories":[1],"tags":[],"class_list":["post-680","post","type-post","status-publish","format-standard","has-post-thumbnail","hentry","category-actualites"],"yoast_head":"<!-- This site is optimized with the Yoast SEO plugin v21.2 - https:\/\/yoast.com\/wordpress\/plugins\/seo\/ -->\n<title>Mazda f\u00eate son 100\u00e8me anniversaire avec une s\u00e9rie limit\u00e9e !<\/title>\n<meta name=\"description\" content=\"Mazda, le constructeur automobile Japonais a f\u00eat\u00e9 son 100\u00e8me anniversaire avec le lancement d\u2019une \u00e9dition limlit\u00e9e qui sera accessible en Europe d&#039;ici l&#039;automne 2020. Retrouvez plus de d\u00e9tails sur la nouvelle s\u00e9rie Mazda sur notre blog.\" \/>\n<meta name=\"robots\" content=\"index, follow, max-snippet:-1, max-image-preview:large, max-video-preview:-1\" \/>\n<link rel=\"canonical\" href=\"https:\/\/www.tunisia-rentcar.com\/blog\/2020\/04\/06\/mazda-fete-son-100eme-anniversaire-avec-une-serie-limitee\/\" \/>\n<meta property=\"og:locale\" content=\"fr_FR\" \/>\n<meta property=\"og:type\" content=\"article\" \/>\n<meta property=\"og:title\" content=\"Mazda f\u00eate son 100\u00e8me anniversaire avec une s\u00e9rie limit\u00e9e !\" \/>\n<meta property=\"og:description\" content=\"Mazda, le constructeur automobile Japonais a f\u00eat\u00e9 son 100\u00e8me anniversaire avec le lancement d\u2019une \u00e9dition limlit\u00e9e qui sera accessible en Europe d&#039;ici l&#039;automne 2020. Retrouvez plus de d\u00e9tails sur la nouvelle s\u00e9rie Mazda sur notre blog.\" \/>\n<meta property=\"og:url\" content=\"https:\/\/www.tunisia-rentcar.com\/blog\/2020\/04\/06\/mazda-fete-son-100eme-anniversaire-avec-une-serie-limitee\/\" \/>\n<meta property=\"og:site_name\" content=\"Blog Tunisia Rentcar\" \/>\n<meta property=\"article:published_time\" content=\"2020-04-06T19:06:22+00:00\" \/>\n<meta property=\"article:modified_time\" content=\"2020-04-06T19:17:01+00:00\" \/>\n<meta property=\"og:image\" content=\"https:\/\/www.tunisia-rentcar.com\/blog\/wp-content\/uploads\/2020\/04\/Mazda-nouvelle-serie-2020.jpg\" \/>\n\t<meta property=\"og:image:width\" content=\"705\" \/>\n\t<meta property=\"og:image:height\" content=\"372\" \/>\n\t<meta property=\"og:image:type\" content=\"image\/jpeg\" \/>\n<meta name=\"author\" content=\"admin_lies\" \/>\n<meta name=\"twitter:card\" content=\"summary_large_image\" \/>\n<meta name=\"twitter:label1\" content=\"\u00c9crit par\" \/>\n\t<meta name=\"twitter:data1\" content=\"admin_lies\" \/>\n\t<meta name=\"twitter:label2\" content=\"Dur\u00e9e de lecture estim\u00e9e\" \/>\n\t<meta name=\"twitter:data2\" content=\"1 minute\" \/>\n<script type=\"application\/ld+json\" class=\"yoast-schema-graph\">{\"@context\":\"https:\/\/schema.org\",\"@graph\":[{\"@type\":\"WebPage\",\"@id\":\"https:\/\/www.tunisia-rentcar.com\/blog\/2020\/04\/06\/mazda-fete-son-100eme-anniversaire-avec-une-serie-limitee\/\",\"url\":\"https:\/\/www.tunisia-rentcar.com\/blog\/2020\/04\/06\/mazda-fete-son-100eme-anniversaire-avec-une-serie-limitee\/\",\"name\":\"Mazda f\u00eate son 100\u00e8me anniversaire avec une s\u00e9rie limit\u00e9e !\",\"isPartOf\":{\"@id\":\"https:\/\/www.tunisia-rentcar.com\/blog\/#website\"},\"datePublished\":\"2020-04-06T19:06:22+00:00\",\"dateModified\":\"2020-04-06T19:17:01+00:00\",\"author\":{\"@id\":\"https:\/\/www.tunisia-rentcar.com\/blog\/#\/schema\/person\/4d8879423e58830dd0ce12bacfcc71c0\"},\"description\":\"Mazda, le constructeur automobile Japonais a f\u00eat\u00e9 son 100\u00e8me anniversaire avec le lancement d\u2019une \u00e9dition limlit\u00e9e qui sera accessible en Europe d'ici l'automne 2020. Retrouvez plus de d\u00e9tails sur la nouvelle s\u00e9rie Mazda sur notre blog.\",\"breadcrumb\":{\"@id\":\"https:\/\/www.tunisia-rentcar.com\/blog\/2020\/04\/06\/mazda-fete-son-100eme-anniversaire-avec-une-serie-limitee\/#breadcrumb\"},\"inLanguage\":\"fr-FR\",\"potentialAction\":[{\"@type\":\"ReadAction\",\"target\":[\"https:\/\/www.tunisia-rentcar.com\/blog\/2020\/04\/06\/mazda-fete-son-100eme-anniversaire-avec-une-serie-limitee\/\"]}]},{\"@type\":\"BreadcrumbList\",\"@id\":\"https:\/\/www.tunisia-rentcar.com\/blog\/2020\/04\/06\/mazda-fete-son-100eme-anniversaire-avec-une-serie-limitee\/#breadcrumb\",\"itemListElement\":[{\"@type\":\"ListItem\",\"position\":1,\"name\":\"Accueil\",\"item\":\"https:\/\/www.tunisia-rentcar.com\/blog\/\"},{\"@type\":\"ListItem\",\"position\":2,\"name\":\"Mazda f\u00eate son 100\u00e8me anniversaire avec une s\u00e9rie limit\u00e9e\"}]},{\"@type\":\"WebSite\",\"@id\":\"https:\/\/www.tunisia-rentcar.com\/blog\/#website\",\"url\":\"https:\/\/www.tunisia-rentcar.com\/blog\/\",\"name\":\"Blog Tunisia Rentcar\",\"description\":\"Blog Tunisia Rentcar Trust\",\"potentialAction\":[{\"@type\":\"SearchAction\",\"target\":{\"@type\":\"EntryPoint\",\"urlTemplate\":\"https:\/\/www.tunisia-rentcar.com\/blog\/?s={search_term_string}\"},\"query-input\":\"required name=search_term_string\"}],\"inLanguage\":\"fr-FR\"},{\"@type\":\"Person\",\"@id\":\"https:\/\/www.tunisia-rentcar.com\/blog\/#\/schema\/person\/4d8879423e58830dd0ce12bacfcc71c0\",\"name\":\"admin_lies\",\"image\":{\"@type\":\"ImageObject\",\"inLanguage\":\"fr-FR\",\"@id\":\"https:\/\/www.tunisia-rentcar.com\/blog\/#\/schema\/person\/image\/\",\"url\":\"https:\/\/secure.gravatar.com\/avatar\/f45c6ea960354da0258c1d1977e7fe6dbb8946ff642dcbd431ef6ed020bd519b?s=96&d=mm&r=g\",\"contentUrl\":\"https:\/\/secure.gravatar.com\/avatar\/f45c6ea960354da0258c1d1977e7fe6dbb8946ff642dcbd431ef6ed020bd519b?s=96&d=mm&r=g\",\"caption\":\"admin_lies\"},\"url\":\"https:\/\/www.tunisia-rentcar.com\/blog\/author\/admin_lies\/\"}]}<\/script>\n<!-- \/ Yoast SEO plugin. -->","yoast_head_json":{"title":"Mazda f\u00eate son 100\u00e8me anniversaire avec une s\u00e9rie limit\u00e9e !","description":"Mazda, le constructeur automobile Japonais a f\u00eat\u00e9 son 100\u00e8me anniversaire avec le lancement d\u2019une \u00e9dition limlit\u00e9e qui sera accessible en Europe d'ici l'automne 2020. Retrouvez plus de d\u00e9tails sur la nouvelle s\u00e9rie Mazda sur notre blog.","robots":{"index":"index","follow":"follow","max-snippet":"max-snippet:-1","max-image-preview":"max-image-preview:large","max-video-preview":"max-video-preview:-1"},"canonical":"https:\/\/www.tunisia-rentcar.com\/blog\/2020\/04\/06\/mazda-fete-son-100eme-anniversaire-avec-une-serie-limitee\/","og_locale":"fr_FR","og_type":"article","og_title":"Mazda f\u00eate son 100\u00e8me anniversaire avec une s\u00e9rie limit\u00e9e !","og_description":"Mazda, le constructeur automobile Japonais a f\u00eat\u00e9 son 100\u00e8me anniversaire avec le lancement d\u2019une \u00e9dition limlit\u00e9e qui sera accessible en Europe d'ici l'automne 2020. Retrouvez plus de d\u00e9tails sur la nouvelle s\u00e9rie Mazda sur notre blog.","og_url":"https:\/\/www.tunisia-rentcar.com\/blog\/2020\/04\/06\/mazda-fete-son-100eme-anniversaire-avec-une-serie-limitee\/","og_site_name":"Blog Tunisia Rentcar","article_published_time":"2020-04-06T19:06:22+00:00","article_modified_time":"2020-04-06T19:17:01+00:00","og_image":[{"width":705,"height":372,"url":"https:\/\/www.tunisia-rentcar.com\/blog\/wp-content\/uploads\/2020\/04\/Mazda-nouvelle-serie-2020.jpg","type":"image\/jpeg"}],"author":"admin_lies","twitter_card":"summary_large_image","twitter_misc":{"\u00c9crit par":"admin_lies","Dur\u00e9e de lecture estim\u00e9e":"1 minute"},"schema":{"@context":"https:\/\/schema.org","@graph":[{"@type":"WebPage","@id":"https:\/\/www.tunisia-rentcar.com\/blog\/2020\/04\/06\/mazda-fete-son-100eme-anniversaire-avec-une-serie-limitee\/","url":"https:\/\/www.tunisia-rentcar.com\/blog\/2020\/04\/06\/mazda-fete-son-100eme-anniversaire-avec-une-serie-limitee\/","name":"Mazda f\u00eate son 100\u00e8me anniversaire avec une s\u00e9rie limit\u00e9e !","isPartOf":{"@id":"https:\/\/www.tunisia-rentcar.com\/blog\/#website"},"datePublished":"2020-04-06T19:06:22+00:00","dateModified":"2020-04-06T19:17:01+00:00","author":{"@id":"https:\/\/www.tunisia-rentcar.com\/blog\/#\/schema\/person\/4d8879423e58830dd0ce12bacfcc71c0"},"description":"Mazda, le constructeur automobile Japonais a f\u00eat\u00e9 son 100\u00e8me anniversaire avec le lancement d\u2019une \u00e9dition limlit\u00e9e qui sera accessible en Europe d'ici l'automne 2020. Retrouvez plus de d\u00e9tails sur la nouvelle s\u00e9rie Mazda sur notre blog.","breadcrumb":{"@id":"https:\/\/www.tunisia-rentcar.com\/blog\/2020\/04\/06\/mazda-fete-son-100eme-anniversaire-avec-une-serie-limitee\/#breadcrumb"},"inLanguage":"fr-FR","potentialAction":[{"@type":"ReadAction","target":["https:\/\/www.tunisia-rentcar.com\/blog\/2020\/04\/06\/mazda-fete-son-100eme-anniversaire-avec-une-serie-limitee\/"]}]},{"@type":"BreadcrumbList","@id":"https:\/\/www.tunisia-rentcar.com\/blog\/2020\/04\/06\/mazda-fete-son-100eme-anniversaire-avec-une-serie-limitee\/#breadcrumb","itemListElement":[{"@type":"ListItem","position":1,"name":"Accueil","item":"https:\/\/www.tunisia-rentcar.com\/blog\/"},{"@type":"ListItem","position":2,"name":"Mazda f\u00eate son 100\u00e8me anniversaire avec une s\u00e9rie limit\u00e9e"}]},{"@type":"WebSite","@id":"https:\/\/www.tunisia-rentcar.com\/blog\/#website","url":"https:\/\/www.tunisia-rentcar.com\/blog\/","name":"Blog Tunisia Rentcar","description":"Blog Tunisia Rentcar Trust","potentialAction":[{"@type":"SearchAction","target":{"@type":"EntryPoint","urlTemplate":"https:\/\/www.tunisia-rentcar.com\/blog\/?s={search_term_string}"},"query-input":"required name=search_term_string"}],"inLanguage":"fr-FR"},{"@type":"Person","@id":"https:\/\/www.tunisia-rentcar.com\/blog\/#\/schema\/person\/4d8879423e58830dd0ce12bacfcc71c0","name":"admin_lies","image":{"@type":"ImageObject","inLanguage":"fr-FR","@id":"https:\/\/www.tunisia-rentcar.com\/blog\/#\/schema\/person\/image\/","url":"https:\/\/secure.gravatar.com\/avatar\/f45c6ea960354da0258c1d1977e7fe6dbb8946ff642dcbd431ef6ed020bd519b?s=96&d=mm&r=g","contentUrl":"https:\/\/secure.gravatar.com\/avatar\/f45c6ea960354da0258c1d1977e7fe6dbb8946ff642dcbd431ef6ed020bd519b?s=96&d=mm&r=g","caption":"admin_lies"},"url":"https:\/\/www.tunisia-rentcar.com\/blog\/author\/admin_lies\/"}]}},"_links":{"self":[{"href":"https:\/\/www.tunisia-rentcar.com\/blog\/wp-json\/wp\/v2\/posts\/680","targetHints":{"allow":["GET"]}}],"collection":[{"href":"https:\/\/www.tunisia-rentcar.com\/blog\/wp-json\/wp\/v2\/posts"}],"about":[{"href":"https:\/\/www.tunisia-rentcar.com\/blog\/wp-json\/wp\/v2\/types\/post"}],"author":[{"embeddable":true,"href":"https:\/\/www.tunisia-rentcar.com\/blog\/wp-json\/wp\/v2\/users\/1"}],"replies":[{"embeddable":true,"href":"https:\/\/www.tunisia-rentcar.com\/blog\/wp-json\/wp\/v2\/comments?post=680"}],"version-history":[{"count":5,"href":"https:\/\/www.tunisia-rentcar.com\/blog\/wp-json\/wp\/v2\/posts\/680\/revisions"}],"predecessor-version":[{"id":691,"href":"https:\/\/www.tunisia-rentcar.com\/blog\/wp-json\/wp\/v2\/posts\/680\/revisions\/691"}],"wp:featuredmedia":[{"embeddable":true,"href":"https:\/\/www.tunisia-rentcar.com\/blog\/wp-json\/wp\/v2\/media\/681"}],"wp:attachment":[{"href":"https:\/\/www.tunisia-rentcar.com\/blog\/wp-json\/wp\/v2\/media?parent=680"}],"wp:term":[{"taxonomy":"category","embeddable":true,"href":"https:\/\/www.tunisia-rentcar.com\/blog\/wp-json\/wp\/v2\/categories?post=680"},{"taxonomy":"post_tag","embeddable":true,"href":"https:\/\/www.tunisia-rentcar.com\/blog\/wp-json\/wp\/v2\/tags?post=680"}],"curies":[{"name":"wp","href":"https:\/\/api.w.org\/{rel}","templated":true}]}}