{"id":671,"date":"2020-03-31T15:54:23","date_gmt":"2020-03-31T13:54:23","guid":{"rendered":"https:\/\/www.tunisia-rentcar.com\/blog\/?p=671"},"modified":"2020-03-31T16:15:46","modified_gmt":"2020-03-31T14:15:46","slug":"salon-mondial-de-lauto-paris-2020-est-annule-a-cause-de-coronavirus","status":"publish","type":"post","link":"https:\/\/www.tunisia-rentcar.com\/blog\/2020\/03\/31\/salon-mondial-de-lauto-paris-2020-est-annule-a-cause-de-coronavirus\/","title":{"rendered":"Salon Mondial de l\u2019auto Paris 2020 est annul\u00e9 \u00e0 cause de Coronavirus."},"content":{"rendered":"\n<figure class=\"wp-block-image\"><img decoding=\"async\" width=\"1024\" height=\"683\" src=\"https:\/\/www.tunisia-rentcar.com\/blog\/wp-content\/uploads\/2020\/03\/f5d2913f65c29cb1b4ad769d-1350-900-1024x683.jpg\" alt=\"Salon-mondial-auto-2020\" class=\"wp-image-672\" srcset=\"https:\/\/www.tunisia-rentcar.com\/blog\/wp-content\/uploads\/2020\/03\/f5d2913f65c29cb1b4ad769d-1350-900-1024x683.jpg 1024w, https:\/\/www.tunisia-rentcar.com\/blog\/wp-content\/uploads\/2020\/03\/f5d2913f65c29cb1b4ad769d-1350-900-300x200.jpg 300w, https:\/\/www.tunisia-rentcar.com\/blog\/wp-content\/uploads\/2020\/03\/f5d2913f65c29cb1b4ad769d-1350-900-768x512.jpg 768w, https:\/\/www.tunisia-rentcar.com\/blog\/wp-content\/uploads\/2020\/03\/f5d2913f65c29cb1b4ad769d-1350-900-450x300.jpg 450w, https:\/\/www.tunisia-rentcar.com\/blog\/wp-content\/uploads\/2020\/03\/f5d2913f65c29cb1b4ad769d-1350-900.jpg 1350w, https:\/\/www.tunisia-rentcar.com\/blog\/wp-content\/uploads\/2020\/03\/f5d2913f65c29cb1b4ad769d-1350-900-225x150.jpg 225w, https:\/\/www.tunisia-rentcar.com\/blog\/wp-content\/uploads\/2020\/03\/f5d2913f65c29cb1b4ad769d-1350-900-900x600.jpg 900w, https:\/\/www.tunisia-rentcar.com\/blog\/wp-content\/uploads\/2020\/03\/f5d2913f65c29cb1b4ad769d-1350-900-20x13.jpg 20w, https:\/\/www.tunisia-rentcar.com\/blog\/wp-content\/uploads\/2020\/03\/f5d2913f65c29cb1b4ad769d-1350-900-144x96.jpg 144w\" sizes=\"(max-width: 1024px) 100vw, 1024px\" \/><figcaption>Salon-mondial-auto-2020<\/figcaption><\/figure>\n\n\n\n<p>\u00a0Le <strong><a rel=\"noreferrer noopener\" aria-label=\" (s\u2019ouvre dans un nouvel onglet)\" href=\"https:\/\/www.mondial-paris.com\/fr\/visiteur\/auto\" target=\"_blank\">salon mondial de l\u2019auto Pais 2020<\/a> <\/strong>n\u2019aura pas lieu sous sa forme \u00e0 cause de Covid-19 , alors que le show devait se tenir du 1 au 11 Octobre. <\/p>\n\n\n\n<p>Le salon  mondial de l&#8217;auto Paris qui devrait ouvrir ses portes de la porte de Versailles \u00e0 Paris est annul\u00e9 \u00e0 cause de Coronavirus, les organisateurs ont annonc\u00e9 l\u2019annulation\u00a0; l\u2019avenir ne semble pas rose sur la fin de l\u2019ann\u00e9e 2020.<\/p>\n\n\n\n<h1 class=\"wp-block-heading\"><strong>Salon Mondial de l\u2019auto&nbsp;: annulation du grand show <\/strong><\/h1>\n\n\n\n<p>Le communiqu\u00e9 de\nla plateforme (PFA) qui regroupe les professionnels du secteur a annonc\u00e9 hier &nbsp;l\u2019annulation du mondial de l\u2019auto \u00e0 Paris.&nbsp; Les organisateurs ont voulu limiter les risques\n\u00e0 cause de cette pand\u00e9mie. En effet,\nbeaucoup d\u2019absents&nbsp;: BMW, Volvo, Ford, Volkswagen et d\u2019autres marques\nrisquent de suivre\u2026 <\/p>\n\n\n\n<p>Cette gravit\u00e9 est\nun grand coup dur pour toute l\u2019industrie automobile vue que plusieurs cha\u00eenes &nbsp;logistiques sont ferm\u00e9es.<\/p>\n\n\n\n<h2 class=\"wp-block-heading\"><strong>Salon mondial de l&#8217;auto\u00a0: annulation pour raisons sanitaires et financi\u00e8res\u00a0!<\/strong><\/h2>\n\n\n\n<p>Sans aucun doute, l\u2019annulation de grand salon mondial de auto Paris, est pour des raisons sanitaires mais aussi financi\u00e8res. La grande pand\u00e9mie Coronavirus est un grand choc dans le monde d\u2019automobile.\u00a0 En fait, la participation dans un grand salon demande des fameux concepts automobiles, dont le d\u00e9veloppement est actuellement interrompu. Un salon co\u00fbte cher aux exposants, des stands aux personnes pour animer le show qui dure presque 2 semaines.<\/p>\n\n\n\n<p>Bien \u00e9videmment \u00a0c\u2019est \u00e0 partir du mois F\u00e9vier que les ventes ont chut\u00e9 en Europe et plus encore en Mars. 4 salons sont annul\u00e9s cette ann\u00e9e\u00a0apr\u00e8s Gen\u00e8ve\u00a0: <strong>P\u00e9kin <\/strong>(<strong>chine) , New York<\/strong> et celle de <strong>d\u00e9troit aux Etats-Unis.<\/strong> Une grande gravit\u00e9 dans le secteur automobile est frapp\u00e9 de choque \u00e9conomique. <\/p>\n\n\n\n<p>Souhaitons la bonne sant\u00e9 pour tout le monde et que cette pand\u00e9mie\n&nbsp;Coronavirus se termine dans le monde et\ndans notre Tunisie.<\/p>\n\n\n\n<h3 class=\"wp-block-heading\"><strong>Location voiture Tunisie&nbsp;: toutes les nouveaut\u00e9s chez Tunisia\nRent Car<\/strong><\/h3>\n\n\n\n<p>\u00a0Tunisia Rent Car , votre <strong><a rel=\"noreferrer noopener\" aria-label=\" (s\u2019ouvre dans un nouvel onglet)\" href=\"https:\/\/www.tunisia-rentcar.com\/\" target=\"_blank\">agence de location de voiture en Tunisie<\/a><\/strong> est toujours pr\u00e9sente pour vous .\u00a0 pour toute<strong><a href=\"https:\/\/www.tunisia-rentcar.com\/reservation.php\" target=\"_blank\" rel=\"noreferrer noopener\" aria-label=\" (s\u2019ouvre dans un nouvel onglet)\"> location de voiture en Tunisie,<\/a><\/strong> contactez nous ou faites votre r\u00e9servation en ligne. Retrouvez chez nous, une flotte de voitures de luxes avec plusieurs options qui r\u00e9pondent \u00e0 vos envies (location voiture longue dur\u00e9e Tunisie , location voiture avec chauffeur\u2026.)<\/p>\n\n\n\n<p>La qualit\u00e9 , la rapidit\u00e9 et  le professionnalisme vous attendent chez Tunisia Rent Car, retrouvez tous les <strong><a href=\"https:\/\/www.tunisia-rentcar.com\/tarifs.php\" target=\"_blank\" rel=\"noreferrer noopener\" aria-label=\" (s\u2019ouvre dans un nouvel onglet)\">tarifs de location de voiture en Tunisie <\/a><\/strong>sur notre site.<\/p>\n","protected":false},"excerpt":{"rendered":"<p>\u00a0Le salon mondial de l\u2019auto Pais 2020 n\u2019aura pas lieu sous sa forme \u00e0 cause de Covid-19 , alors que le show devait se tenir du 1 au 11 Octobre.&hellip;<\/p>\n","protected":false},"author":1,"featured_media":0,"comment_status":"open","ping_status":"open","sticky":false,"template":"","format":"standard","meta":{"footnotes":""},"categories":[1],"tags":[],"class_list":["post-671","post","type-post","status-publish","format-standard","hentry","category-actualites"],"yoast_head":"<!-- This site is optimized with the Yoast SEO plugin v21.2 - https:\/\/yoast.com\/wordpress\/plugins\/seo\/ -->\n<title>Salon Mondial de l\u2019auto Paris 2020 est annul\u00e9 \u00e0 cause de Coronavirus.<\/title>\n<meta name=\"description\" content=\"Salon Mondial de l\u2019auto Paris 2020 : un autre salon est annul\u00e9 \u00e0 cause de Coronavirus \u00e0 une date non d\u00e9finie.Retrouvez les d\u00e9tails dans notre article de blog.\" \/>\n<meta name=\"robots\" content=\"index, follow, max-snippet:-1, max-image-preview:large, max-video-preview:-1\" \/>\n<link rel=\"canonical\" href=\"https:\/\/www.tunisia-rentcar.com\/blog\/2020\/03\/31\/salon-mondial-de-lauto-paris-2020-est-annule-a-cause-de-coronavirus\/\" \/>\n<meta property=\"og:locale\" content=\"fr_FR\" \/>\n<meta property=\"og:type\" content=\"article\" \/>\n<meta property=\"og:title\" content=\"Salon Mondial de l\u2019auto Paris 2020 est annul\u00e9 \u00e0 cause de Coronavirus.\" \/>\n<meta property=\"og:description\" content=\"Salon Mondial de l\u2019auto Paris 2020 : un autre salon est annul\u00e9 \u00e0 cause de Coronavirus \u00e0 une date non d\u00e9finie.Retrouvez les d\u00e9tails dans notre article de blog.\" \/>\n<meta property=\"og:url\" content=\"https:\/\/www.tunisia-rentcar.com\/blog\/2020\/03\/31\/salon-mondial-de-lauto-paris-2020-est-annule-a-cause-de-coronavirus\/\" \/>\n<meta property=\"og:site_name\" content=\"Blog Tunisia Rentcar\" \/>\n<meta property=\"article:published_time\" content=\"2020-03-31T13:54:23+00:00\" \/>\n<meta property=\"article:modified_time\" content=\"2020-03-31T14:15:46+00:00\" \/>\n<meta property=\"og:image\" content=\"https:\/\/www.tunisia-rentcar.com\/blog\/wp-content\/uploads\/2020\/03\/f5d2913f65c29cb1b4ad769d-1350-900-1024x683.jpg\" \/>\n<meta name=\"author\" content=\"admin_lies\" \/>\n<meta name=\"twitter:card\" content=\"summary_large_image\" \/>\n<meta name=\"twitter:label1\" content=\"\u00c9crit par\" \/>\n\t<meta name=\"twitter:data1\" content=\"admin_lies\" \/>\n\t<meta name=\"twitter:label2\" content=\"Dur\u00e9e de lecture estim\u00e9e\" \/>\n\t<meta name=\"twitter:data2\" content=\"2 minutes\" \/>\n<script type=\"application\/ld+json\" class=\"yoast-schema-graph\">{\"@context\":\"https:\/\/schema.org\",\"@graph\":[{\"@type\":\"WebPage\",\"@id\":\"https:\/\/www.tunisia-rentcar.com\/blog\/2020\/03\/31\/salon-mondial-de-lauto-paris-2020-est-annule-a-cause-de-coronavirus\/\",\"url\":\"https:\/\/www.tunisia-rentcar.com\/blog\/2020\/03\/31\/salon-mondial-de-lauto-paris-2020-est-annule-a-cause-de-coronavirus\/\",\"name\":\"Salon Mondial de l\u2019auto Paris 2020 est annul\u00e9 \u00e0 cause de Coronavirus.\",\"isPartOf\":{\"@id\":\"https:\/\/www.tunisia-rentcar.com\/blog\/#website\"},\"datePublished\":\"2020-03-31T13:54:23+00:00\",\"dateModified\":\"2020-03-31T14:15:46+00:00\",\"author\":{\"@id\":\"https:\/\/www.tunisia-rentcar.com\/blog\/#\/schema\/person\/4d8879423e58830dd0ce12bacfcc71c0\"},\"description\":\"Salon Mondial de l\u2019auto Paris 2020 : un autre salon est annul\u00e9 \u00e0 cause de Coronavirus \u00e0 une date non d\u00e9finie.Retrouvez les d\u00e9tails dans notre article de blog.\",\"breadcrumb\":{\"@id\":\"https:\/\/www.tunisia-rentcar.com\/blog\/2020\/03\/31\/salon-mondial-de-lauto-paris-2020-est-annule-a-cause-de-coronavirus\/#breadcrumb\"},\"inLanguage\":\"fr-FR\",\"potentialAction\":[{\"@type\":\"ReadAction\",\"target\":[\"https:\/\/www.tunisia-rentcar.com\/blog\/2020\/03\/31\/salon-mondial-de-lauto-paris-2020-est-annule-a-cause-de-coronavirus\/\"]}]},{\"@type\":\"BreadcrumbList\",\"@id\":\"https:\/\/www.tunisia-rentcar.com\/blog\/2020\/03\/31\/salon-mondial-de-lauto-paris-2020-est-annule-a-cause-de-coronavirus\/#breadcrumb\",\"itemListElement\":[{\"@type\":\"ListItem\",\"position\":1,\"name\":\"Accueil\",\"item\":\"https:\/\/www.tunisia-rentcar.com\/blog\/\"},{\"@type\":\"ListItem\",\"position\":2,\"name\":\"Salon Mondial de l\u2019auto Paris 2020 est annul\u00e9 \u00e0 cause de Coronavirus.\"}]},{\"@type\":\"WebSite\",\"@id\":\"https:\/\/www.tunisia-rentcar.com\/blog\/#website\",\"url\":\"https:\/\/www.tunisia-rentcar.com\/blog\/\",\"name\":\"Blog Tunisia Rentcar\",\"description\":\"Blog Tunisia Rentcar Trust\",\"potentialAction\":[{\"@type\":\"SearchAction\",\"target\":{\"@type\":\"EntryPoint\",\"urlTemplate\":\"https:\/\/www.tunisia-rentcar.com\/blog\/?s={search_term_string}\"},\"query-input\":\"required name=search_term_string\"}],\"inLanguage\":\"fr-FR\"},{\"@type\":\"Person\",\"@id\":\"https:\/\/www.tunisia-rentcar.com\/blog\/#\/schema\/person\/4d8879423e58830dd0ce12bacfcc71c0\",\"name\":\"admin_lies\",\"image\":{\"@type\":\"ImageObject\",\"inLanguage\":\"fr-FR\",\"@id\":\"https:\/\/www.tunisia-rentcar.com\/blog\/#\/schema\/person\/image\/\",\"url\":\"https:\/\/secure.gravatar.com\/avatar\/f45c6ea960354da0258c1d1977e7fe6dbb8946ff642dcbd431ef6ed020bd519b?s=96&d=mm&r=g\",\"contentUrl\":\"https:\/\/secure.gravatar.com\/avatar\/f45c6ea960354da0258c1d1977e7fe6dbb8946ff642dcbd431ef6ed020bd519b?s=96&d=mm&r=g\",\"caption\":\"admin_lies\"},\"url\":\"https:\/\/www.tunisia-rentcar.com\/blog\/author\/admin_lies\/\"}]}<\/script>\n<!-- \/ Yoast SEO plugin. -->","yoast_head_json":{"title":"Salon Mondial de l\u2019auto Paris 2020 est annul\u00e9 \u00e0 cause de Coronavirus.","description":"Salon Mondial de l\u2019auto Paris 2020 : un autre salon est annul\u00e9 \u00e0 cause de Coronavirus \u00e0 une date non d\u00e9finie.Retrouvez les d\u00e9tails dans notre article de blog.","robots":{"index":"index","follow":"follow","max-snippet":"max-snippet:-1","max-image-preview":"max-image-preview:large","max-video-preview":"max-video-preview:-1"},"canonical":"https:\/\/www.tunisia-rentcar.com\/blog\/2020\/03\/31\/salon-mondial-de-lauto-paris-2020-est-annule-a-cause-de-coronavirus\/","og_locale":"fr_FR","og_type":"article","og_title":"Salon Mondial de l\u2019auto Paris 2020 est annul\u00e9 \u00e0 cause de Coronavirus.","og_description":"Salon Mondial de l\u2019auto Paris 2020 : un autre salon est annul\u00e9 \u00e0 cause de Coronavirus \u00e0 une date non d\u00e9finie.Retrouvez les d\u00e9tails dans notre article de blog.","og_url":"https:\/\/www.tunisia-rentcar.com\/blog\/2020\/03\/31\/salon-mondial-de-lauto-paris-2020-est-annule-a-cause-de-coronavirus\/","og_site_name":"Blog Tunisia Rentcar","article_published_time":"2020-03-31T13:54:23+00:00","article_modified_time":"2020-03-31T14:15:46+00:00","og_image":[{"url":"https:\/\/www.tunisia-rentcar.com\/blog\/wp-content\/uploads\/2020\/03\/f5d2913f65c29cb1b4ad769d-1350-900-1024x683.jpg"}],"author":"admin_lies","twitter_card":"summary_large_image","twitter_misc":{"\u00c9crit par":"admin_lies","Dur\u00e9e de lecture estim\u00e9e":"2 minutes"},"schema":{"@context":"https:\/\/schema.org","@graph":[{"@type":"WebPage","@id":"https:\/\/www.tunisia-rentcar.com\/blog\/2020\/03\/31\/salon-mondial-de-lauto-paris-2020-est-annule-a-cause-de-coronavirus\/","url":"https:\/\/www.tunisia-rentcar.com\/blog\/2020\/03\/31\/salon-mondial-de-lauto-paris-2020-est-annule-a-cause-de-coronavirus\/","name":"Salon Mondial de l\u2019auto Paris 2020 est annul\u00e9 \u00e0 cause de Coronavirus.","isPartOf":{"@id":"https:\/\/www.tunisia-rentcar.com\/blog\/#website"},"datePublished":"2020-03-31T13:54:23+00:00","dateModified":"2020-03-31T14:15:46+00:00","author":{"@id":"https:\/\/www.tunisia-rentcar.com\/blog\/#\/schema\/person\/4d8879423e58830dd0ce12bacfcc71c0"},"description":"Salon Mondial de l\u2019auto Paris 2020 : un autre salon est annul\u00e9 \u00e0 cause de Coronavirus \u00e0 une date non d\u00e9finie.Retrouvez les d\u00e9tails dans notre article de blog.","breadcrumb":{"@id":"https:\/\/www.tunisia-rentcar.com\/blog\/2020\/03\/31\/salon-mondial-de-lauto-paris-2020-est-annule-a-cause-de-coronavirus\/#breadcrumb"},"inLanguage":"fr-FR","potentialAction":[{"@type":"ReadAction","target":["https:\/\/www.tunisia-rentcar.com\/blog\/2020\/03\/31\/salon-mondial-de-lauto-paris-2020-est-annule-a-cause-de-coronavirus\/"]}]},{"@type":"BreadcrumbList","@id":"https:\/\/www.tunisia-rentcar.com\/blog\/2020\/03\/31\/salon-mondial-de-lauto-paris-2020-est-annule-a-cause-de-coronavirus\/#breadcrumb","itemListElement":[{"@type":"ListItem","position":1,"name":"Accueil","item":"https:\/\/www.tunisia-rentcar.com\/blog\/"},{"@type":"ListItem","position":2,"name":"Salon Mondial de l\u2019auto Paris 2020 est annul\u00e9 \u00e0 cause de Coronavirus."}]},{"@type":"WebSite","@id":"https:\/\/www.tunisia-rentcar.com\/blog\/#website","url":"https:\/\/www.tunisia-rentcar.com\/blog\/","name":"Blog Tunisia Rentcar","description":"Blog Tunisia Rentcar Trust","potentialAction":[{"@type":"SearchAction","target":{"@type":"EntryPoint","urlTemplate":"https:\/\/www.tunisia-rentcar.com\/blog\/?s={search_term_string}"},"query-input":"required name=search_term_string"}],"inLanguage":"fr-FR"},{"@type":"Person","@id":"https:\/\/www.tunisia-rentcar.com\/blog\/#\/schema\/person\/4d8879423e58830dd0ce12bacfcc71c0","name":"admin_lies","image":{"@type":"ImageObject","inLanguage":"fr-FR","@id":"https:\/\/www.tunisia-rentcar.com\/blog\/#\/schema\/person\/image\/","url":"https:\/\/secure.gravatar.com\/avatar\/f45c6ea960354da0258c1d1977e7fe6dbb8946ff642dcbd431ef6ed020bd519b?s=96&d=mm&r=g","contentUrl":"https:\/\/secure.gravatar.com\/avatar\/f45c6ea960354da0258c1d1977e7fe6dbb8946ff642dcbd431ef6ed020bd519b?s=96&d=mm&r=g","caption":"admin_lies"},"url":"https:\/\/www.tunisia-rentcar.com\/blog\/author\/admin_lies\/"}]}},"_links":{"self":[{"href":"https:\/\/www.tunisia-rentcar.com\/blog\/wp-json\/wp\/v2\/posts\/671","targetHints":{"allow":["GET"]}}],"collection":[{"href":"https:\/\/www.tunisia-rentcar.com\/blog\/wp-json\/wp\/v2\/posts"}],"about":[{"href":"https:\/\/www.tunisia-rentcar.com\/blog\/wp-json\/wp\/v2\/types\/post"}],"author":[{"embeddable":true,"href":"https:\/\/www.tunisia-rentcar.com\/blog\/wp-json\/wp\/v2\/users\/1"}],"replies":[{"embeddable":true,"href":"https:\/\/www.tunisia-rentcar.com\/blog\/wp-json\/wp\/v2\/comments?post=671"}],"version-history":[{"count":6,"href":"https:\/\/www.tunisia-rentcar.com\/blog\/wp-json\/wp\/v2\/posts\/671\/revisions"}],"predecessor-version":[{"id":678,"href":"https:\/\/www.tunisia-rentcar.com\/blog\/wp-json\/wp\/v2\/posts\/671\/revisions\/678"}],"wp:attachment":[{"href":"https:\/\/www.tunisia-rentcar.com\/blog\/wp-json\/wp\/v2\/media?parent=671"}],"wp:term":[{"taxonomy":"category","embeddable":true,"href":"https:\/\/www.tunisia-rentcar.com\/blog\/wp-json\/wp\/v2\/categories?post=671"},{"taxonomy":"post_tag","embeddable":true,"href":"https:\/\/www.tunisia-rentcar.com\/blog\/wp-json\/wp\/v2\/tags?post=671"}],"curies":[{"name":"wp","href":"https:\/\/api.w.org\/{rel}","templated":true}]}}