{"id":618,"date":"2020-02-14T17:06:47","date_gmt":"2020-02-14T16:06:47","guid":{"rendered":"https:\/\/www.tunisia-rentcar.com\/blog\/?p=618"},"modified":"2020-02-14T17:08:47","modified_gmt":"2020-02-14T16:08:47","slug":"volkswagen-golf-gtd-confirmee-au-salon-de-geneve-2020","status":"publish","type":"post","link":"https:\/\/www.tunisia-rentcar.com\/blog\/2020\/02\/14\/volkswagen-golf-gtd-confirmee-au-salon-de-geneve-2020\/","title":{"rendered":"Volkswagen Golf GTD : confirm\u00e9e au salon de Gen\u00e8ve 2020 !"},"content":{"rendered":"\n<figure class=\"wp-block-image\"><img decoding=\"async\" width=\"960\" height=\"623\" src=\"https:\/\/www.tunisia-rentcar.com\/blog\/wp-content\/uploads\/2020\/02\/Volkswagen-Golf-GTD.jpg\" alt=\"Volkswagen- Golf -GTD\" class=\"wp-image-619\" srcset=\"https:\/\/www.tunisia-rentcar.com\/blog\/wp-content\/uploads\/2020\/02\/Volkswagen-Golf-GTD.jpg 960w, https:\/\/www.tunisia-rentcar.com\/blog\/wp-content\/uploads\/2020\/02\/Volkswagen-Golf-GTD-300x195.jpg 300w, https:\/\/www.tunisia-rentcar.com\/blog\/wp-content\/uploads\/2020\/02\/Volkswagen-Golf-GTD-768x498.jpg 768w, https:\/\/www.tunisia-rentcar.com\/blog\/wp-content\/uploads\/2020\/02\/Volkswagen-Golf-GTD-450x292.jpg 450w, https:\/\/www.tunisia-rentcar.com\/blog\/wp-content\/uploads\/2020\/02\/Volkswagen-Golf-GTD-225x146.jpg 225w, https:\/\/www.tunisia-rentcar.com\/blog\/wp-content\/uploads\/2020\/02\/Volkswagen-Golf-GTD-900x584.jpg 900w, https:\/\/www.tunisia-rentcar.com\/blog\/wp-content\/uploads\/2020\/02\/Volkswagen-Golf-GTD-20x13.jpg 20w, https:\/\/www.tunisia-rentcar.com\/blog\/wp-content\/uploads\/2020\/02\/Volkswagen-Golf-GTD-148x96.jpg 148w\" sizes=\"(max-width: 960px) 100vw, 960px\" \/><figcaption>Volkswagen Golf GTD<\/figcaption><\/figure>\n\n\n\n<p>La 90 \u00e9me \u00e9dition du salon des automobiles entendent demeurer le grand \u00e9v\u00e9nement majeur en Europe chaque ann\u00e9e du <strong>5 au 15 Mars 2020<\/strong>. Plusieurs nouveaut\u00e9s attendues comme chaque ann\u00e9e comme la nouvelle Volkswagen.<\/p>\n\n\n\n<p>La nouvelle Volkswagen Golf GTI reprendra la base de\nla Golf de la 8\u00e9me g\u00e9n\u00e9ration qui va \u00eatre confirm\u00e9e pour le prochain salon\nautomobile de Gen\u00e8ve. En effet, dynamique et relativement sobre, la Volkswagen\nsera pr\u00e9sent\u00e9e \u00e0 c\u00f4t\u00e9 de&nbsp; sa variante\nDiesel GTD. Les caract\u00e9ristiques de cette automobile sont nombreuses&nbsp;: <\/p>\n\n\n\n<h1 class=\"wp-block-heading\"><strong>Volkswagen Golf GTD&nbsp;: plusieurs caract\u00e9ristiques &nbsp;<\/strong><\/h1>\n\n\n\n<ul class=\"wp-block-list\"><li>Une version mise \u00e0 jour du moteur 2.0 litres essence turbocompress\u00e9 <strong>(EA888) <\/strong>d\u00e9velopp\u00e9 par Audi et utilis\u00e9e pour la Golf GTI actuelle (7e g\u00e9n\u00e9ration).<\/li><li>Deux niveaux de puissance, un mod\u00e8le des plus \u00e9conomique en termes de consommation et en m\u00eame temps sport sur le march\u00e9 avec sa Golf GTD MK8.<\/li><li>Un moteur \u00e0 injection turbodiesel (TDI) \u00e0 double dosage d\u2019UREA.<\/li><li>La nouvelle automobile Golf GTD sera d\u00e9velopp\u00e9e dans plusieurs domaines\u00a0: m\u00e9canique, technologie, design, habitabilit\u00e9\u2026 <\/li><\/ul>\n\n\n\n<p>La nouvelle voiture de\nVolkswagen sera renforc\u00e9e cette ann\u00e9e et d\u00e9voil\u00e9e au mois de Juillet au\nfestival de Speed de Goodwood.<\/p>\n\n\n\n<p>Retrouvez certainement\ntoutes les nouveaut\u00e9s des automobiles sur notre blog.<\/p>\n\n\n\n<h2 class=\"wp-block-heading\"><strong>Location voiture Tunisie&nbsp;: les meilleures\nautomobiles chez Tunisia Rent Car<\/strong><\/h2>\n\n\n\n<p>Notre <strong><a rel=\"noreferrer noopener\" aria-label=\" (s\u2019ouvre dans un nouvel onglet)\" href=\"https:\/\/www.tunisia-rentcar.com\/\" target=\"_blank\">Agence de location de voiture \u00e0 Hammamet<\/a><\/strong> met \u00e0 votre disposition une flotte des v\u00e9hicules de luxes qui r\u00e9pondent \u00e0 vos besoins ( location voiture boite auto Tunisie, <a href=\"https:\/\/www.tunisia-rentcar.com\/location-voiture-longue-duree-tunisie.php\" target=\"_blank\" rel=\"noreferrer noopener\" aria-label=\"location voiture longue dur\u00e9e (s\u2019ouvre dans un nouvel onglet)\">location voiture longue dur\u00e9e<\/a>, location voiture avec GPS\u2026.) <\/p>\n\n\n\n<p>Avec Tunisia Rent Car, effectuez votre location \u00e0 bas prix, r\u00e9servez maintenant en ligne, vous trouvez tous les <a rel=\"noreferrer noopener\" aria-label=\"tarifs de location de voiture en Tunisie (s\u2019ouvre dans un nouvel onglet)\" href=\"https:\/\/www.tunisia-rentcar.com\/tarifs.php\" target=\"_blank\">tarifs de location de voiture en Tunisie<\/a> sur notre site. Nous sommes toujours pr\u00e9sents 24h\/7j pour vous assurer une location rapide, de qualit\u00e9 et en toute s\u00e9curit\u00e9. Contactez nous pour plus de d\u00e9tails.<\/p>\n","protected":false},"excerpt":{"rendered":"<p>La 90 \u00e9me \u00e9dition du salon des automobiles entendent demeurer le grand \u00e9v\u00e9nement majeur en Europe chaque ann\u00e9e du 5 au 15 Mars 2020. Plusieurs nouveaut\u00e9s attendues comme chaque ann\u00e9e&hellip;<\/p>\n","protected":false},"author":1,"featured_media":0,"comment_status":"open","ping_status":"open","sticky":false,"template":"","format":"standard","meta":{"footnotes":""},"categories":[1],"tags":[],"class_list":["post-618","post","type-post","status-publish","format-standard","hentry","category-actualites"],"yoast_head":"<!-- This site is optimized with the Yoast SEO plugin v21.2 - https:\/\/yoast.com\/wordpress\/plugins\/seo\/ -->\n<title>Volkswagen Golf GTD : confirm\u00e9e au salon de Gen\u00e8ve 2020 !<\/title>\n<meta name=\"description\" content=\"Volkswagen Golf GTD : confirm\u00e9e au salon de Gen\u00e8ve 2020 du 5 au 15 Mars avec plusiuers caract\u00e9ristiques. Retouvez les d\u00e9tails dans notre article de blog.\" \/>\n<meta name=\"robots\" content=\"index, follow, max-snippet:-1, max-image-preview:large, max-video-preview:-1\" \/>\n<link rel=\"canonical\" href=\"https:\/\/www.tunisia-rentcar.com\/blog\/2020\/02\/14\/volkswagen-golf-gtd-confirmee-au-salon-de-geneve-2020\/\" \/>\n<meta property=\"og:locale\" content=\"fr_FR\" \/>\n<meta property=\"og:type\" content=\"article\" \/>\n<meta property=\"og:title\" content=\"Volkswagen Golf GTD : confirm\u00e9e au salon de Gen\u00e8ve 2020 !\" \/>\n<meta property=\"og:description\" content=\"Volkswagen Golf GTD : confirm\u00e9e au salon de Gen\u00e8ve 2020 du 5 au 15 Mars avec plusiuers caract\u00e9ristiques. Retouvez les d\u00e9tails dans notre article de blog.\" \/>\n<meta property=\"og:url\" content=\"https:\/\/www.tunisia-rentcar.com\/blog\/2020\/02\/14\/volkswagen-golf-gtd-confirmee-au-salon-de-geneve-2020\/\" \/>\n<meta property=\"og:site_name\" content=\"Blog Tunisia Rentcar\" \/>\n<meta property=\"article:published_time\" content=\"2020-02-14T16:06:47+00:00\" \/>\n<meta property=\"article:modified_time\" content=\"2020-02-14T16:08:47+00:00\" \/>\n<meta property=\"og:image\" content=\"https:\/\/www.tunisia-rentcar.com\/blog\/wp-content\/uploads\/2020\/02\/Volkswagen-Golf-GTD.jpg\" \/>\n<meta name=\"author\" content=\"admin_lies\" \/>\n<meta name=\"twitter:card\" content=\"summary_large_image\" \/>\n<meta name=\"twitter:label1\" content=\"\u00c9crit par\" \/>\n\t<meta name=\"twitter:data1\" content=\"admin_lies\" \/>\n\t<meta name=\"twitter:label2\" content=\"Dur\u00e9e de lecture estim\u00e9e\" \/>\n\t<meta name=\"twitter:data2\" content=\"2 minutes\" \/>\n<script type=\"application\/ld+json\" class=\"yoast-schema-graph\">{\"@context\":\"https:\/\/schema.org\",\"@graph\":[{\"@type\":\"WebPage\",\"@id\":\"https:\/\/www.tunisia-rentcar.com\/blog\/2020\/02\/14\/volkswagen-golf-gtd-confirmee-au-salon-de-geneve-2020\/\",\"url\":\"https:\/\/www.tunisia-rentcar.com\/blog\/2020\/02\/14\/volkswagen-golf-gtd-confirmee-au-salon-de-geneve-2020\/\",\"name\":\"Volkswagen Golf GTD : confirm\u00e9e au salon de Gen\u00e8ve 2020 !\",\"isPartOf\":{\"@id\":\"https:\/\/www.tunisia-rentcar.com\/blog\/#website\"},\"datePublished\":\"2020-02-14T16:06:47+00:00\",\"dateModified\":\"2020-02-14T16:08:47+00:00\",\"author\":{\"@id\":\"https:\/\/www.tunisia-rentcar.com\/blog\/#\/schema\/person\/4d8879423e58830dd0ce12bacfcc71c0\"},\"description\":\"Volkswagen Golf GTD : confirm\u00e9e au salon de Gen\u00e8ve 2020 du 5 au 15 Mars avec plusiuers caract\u00e9ristiques. Retouvez les d\u00e9tails dans notre article de blog.\",\"breadcrumb\":{\"@id\":\"https:\/\/www.tunisia-rentcar.com\/blog\/2020\/02\/14\/volkswagen-golf-gtd-confirmee-au-salon-de-geneve-2020\/#breadcrumb\"},\"inLanguage\":\"fr-FR\",\"potentialAction\":[{\"@type\":\"ReadAction\",\"target\":[\"https:\/\/www.tunisia-rentcar.com\/blog\/2020\/02\/14\/volkswagen-golf-gtd-confirmee-au-salon-de-geneve-2020\/\"]}]},{\"@type\":\"BreadcrumbList\",\"@id\":\"https:\/\/www.tunisia-rentcar.com\/blog\/2020\/02\/14\/volkswagen-golf-gtd-confirmee-au-salon-de-geneve-2020\/#breadcrumb\",\"itemListElement\":[{\"@type\":\"ListItem\",\"position\":1,\"name\":\"Accueil\",\"item\":\"https:\/\/www.tunisia-rentcar.com\/blog\/\"},{\"@type\":\"ListItem\",\"position\":2,\"name\":\"Volkswagen Golf GTD : confirm\u00e9e au salon de Gen\u00e8ve 2020 !\"}]},{\"@type\":\"WebSite\",\"@id\":\"https:\/\/www.tunisia-rentcar.com\/blog\/#website\",\"url\":\"https:\/\/www.tunisia-rentcar.com\/blog\/\",\"name\":\"Blog Tunisia Rentcar\",\"description\":\"Blog Tunisia Rentcar Trust\",\"potentialAction\":[{\"@type\":\"SearchAction\",\"target\":{\"@type\":\"EntryPoint\",\"urlTemplate\":\"https:\/\/www.tunisia-rentcar.com\/blog\/?s={search_term_string}\"},\"query-input\":\"required name=search_term_string\"}],\"inLanguage\":\"fr-FR\"},{\"@type\":\"Person\",\"@id\":\"https:\/\/www.tunisia-rentcar.com\/blog\/#\/schema\/person\/4d8879423e58830dd0ce12bacfcc71c0\",\"name\":\"admin_lies\",\"image\":{\"@type\":\"ImageObject\",\"inLanguage\":\"fr-FR\",\"@id\":\"https:\/\/www.tunisia-rentcar.com\/blog\/#\/schema\/person\/image\/\",\"url\":\"https:\/\/secure.gravatar.com\/avatar\/f45c6ea960354da0258c1d1977e7fe6dbb8946ff642dcbd431ef6ed020bd519b?s=96&d=mm&r=g\",\"contentUrl\":\"https:\/\/secure.gravatar.com\/avatar\/f45c6ea960354da0258c1d1977e7fe6dbb8946ff642dcbd431ef6ed020bd519b?s=96&d=mm&r=g\",\"caption\":\"admin_lies\"},\"url\":\"https:\/\/www.tunisia-rentcar.com\/blog\/author\/admin_lies\/\"}]}<\/script>\n<!-- \/ Yoast SEO plugin. -->","yoast_head_json":{"title":"Volkswagen Golf GTD : confirm\u00e9e au salon de Gen\u00e8ve 2020 !","description":"Volkswagen Golf GTD : confirm\u00e9e au salon de Gen\u00e8ve 2020 du 5 au 15 Mars avec plusiuers caract\u00e9ristiques. Retouvez les d\u00e9tails dans notre article de blog.","robots":{"index":"index","follow":"follow","max-snippet":"max-snippet:-1","max-image-preview":"max-image-preview:large","max-video-preview":"max-video-preview:-1"},"canonical":"https:\/\/www.tunisia-rentcar.com\/blog\/2020\/02\/14\/volkswagen-golf-gtd-confirmee-au-salon-de-geneve-2020\/","og_locale":"fr_FR","og_type":"article","og_title":"Volkswagen Golf GTD : confirm\u00e9e au salon de Gen\u00e8ve 2020 !","og_description":"Volkswagen Golf GTD : confirm\u00e9e au salon de Gen\u00e8ve 2020 du 5 au 15 Mars avec plusiuers caract\u00e9ristiques. Retouvez les d\u00e9tails dans notre article de blog.","og_url":"https:\/\/www.tunisia-rentcar.com\/blog\/2020\/02\/14\/volkswagen-golf-gtd-confirmee-au-salon-de-geneve-2020\/","og_site_name":"Blog Tunisia Rentcar","article_published_time":"2020-02-14T16:06:47+00:00","article_modified_time":"2020-02-14T16:08:47+00:00","og_image":[{"url":"https:\/\/www.tunisia-rentcar.com\/blog\/wp-content\/uploads\/2020\/02\/Volkswagen-Golf-GTD.jpg"}],"author":"admin_lies","twitter_card":"summary_large_image","twitter_misc":{"\u00c9crit par":"admin_lies","Dur\u00e9e de lecture estim\u00e9e":"2 minutes"},"schema":{"@context":"https:\/\/schema.org","@graph":[{"@type":"WebPage","@id":"https:\/\/www.tunisia-rentcar.com\/blog\/2020\/02\/14\/volkswagen-golf-gtd-confirmee-au-salon-de-geneve-2020\/","url":"https:\/\/www.tunisia-rentcar.com\/blog\/2020\/02\/14\/volkswagen-golf-gtd-confirmee-au-salon-de-geneve-2020\/","name":"Volkswagen Golf GTD : confirm\u00e9e au salon de Gen\u00e8ve 2020 !","isPartOf":{"@id":"https:\/\/www.tunisia-rentcar.com\/blog\/#website"},"datePublished":"2020-02-14T16:06:47+00:00","dateModified":"2020-02-14T16:08:47+00:00","author":{"@id":"https:\/\/www.tunisia-rentcar.com\/blog\/#\/schema\/person\/4d8879423e58830dd0ce12bacfcc71c0"},"description":"Volkswagen Golf GTD : confirm\u00e9e au salon de Gen\u00e8ve 2020 du 5 au 15 Mars avec plusiuers caract\u00e9ristiques. Retouvez les d\u00e9tails dans notre article de blog.","breadcrumb":{"@id":"https:\/\/www.tunisia-rentcar.com\/blog\/2020\/02\/14\/volkswagen-golf-gtd-confirmee-au-salon-de-geneve-2020\/#breadcrumb"},"inLanguage":"fr-FR","potentialAction":[{"@type":"ReadAction","target":["https:\/\/www.tunisia-rentcar.com\/blog\/2020\/02\/14\/volkswagen-golf-gtd-confirmee-au-salon-de-geneve-2020\/"]}]},{"@type":"BreadcrumbList","@id":"https:\/\/www.tunisia-rentcar.com\/blog\/2020\/02\/14\/volkswagen-golf-gtd-confirmee-au-salon-de-geneve-2020\/#breadcrumb","itemListElement":[{"@type":"ListItem","position":1,"name":"Accueil","item":"https:\/\/www.tunisia-rentcar.com\/blog\/"},{"@type":"ListItem","position":2,"name":"Volkswagen Golf GTD : confirm\u00e9e au salon de Gen\u00e8ve 2020 !"}]},{"@type":"WebSite","@id":"https:\/\/www.tunisia-rentcar.com\/blog\/#website","url":"https:\/\/www.tunisia-rentcar.com\/blog\/","name":"Blog Tunisia Rentcar","description":"Blog Tunisia Rentcar Trust","potentialAction":[{"@type":"SearchAction","target":{"@type":"EntryPoint","urlTemplate":"https:\/\/www.tunisia-rentcar.com\/blog\/?s={search_term_string}"},"query-input":"required name=search_term_string"}],"inLanguage":"fr-FR"},{"@type":"Person","@id":"https:\/\/www.tunisia-rentcar.com\/blog\/#\/schema\/person\/4d8879423e58830dd0ce12bacfcc71c0","name":"admin_lies","image":{"@type":"ImageObject","inLanguage":"fr-FR","@id":"https:\/\/www.tunisia-rentcar.com\/blog\/#\/schema\/person\/image\/","url":"https:\/\/secure.gravatar.com\/avatar\/f45c6ea960354da0258c1d1977e7fe6dbb8946ff642dcbd431ef6ed020bd519b?s=96&d=mm&r=g","contentUrl":"https:\/\/secure.gravatar.com\/avatar\/f45c6ea960354da0258c1d1977e7fe6dbb8946ff642dcbd431ef6ed020bd519b?s=96&d=mm&r=g","caption":"admin_lies"},"url":"https:\/\/www.tunisia-rentcar.com\/blog\/author\/admin_lies\/"}]}},"_links":{"self":[{"href":"https:\/\/www.tunisia-rentcar.com\/blog\/wp-json\/wp\/v2\/posts\/618","targetHints":{"allow":["GET"]}}],"collection":[{"href":"https:\/\/www.tunisia-rentcar.com\/blog\/wp-json\/wp\/v2\/posts"}],"about":[{"href":"https:\/\/www.tunisia-rentcar.com\/blog\/wp-json\/wp\/v2\/types\/post"}],"author":[{"embeddable":true,"href":"https:\/\/www.tunisia-rentcar.com\/blog\/wp-json\/wp\/v2\/users\/1"}],"replies":[{"embeddable":true,"href":"https:\/\/www.tunisia-rentcar.com\/blog\/wp-json\/wp\/v2\/comments?post=618"}],"version-history":[{"count":2,"href":"https:\/\/www.tunisia-rentcar.com\/blog\/wp-json\/wp\/v2\/posts\/618\/revisions"}],"predecessor-version":[{"id":621,"href":"https:\/\/www.tunisia-rentcar.com\/blog\/wp-json\/wp\/v2\/posts\/618\/revisions\/621"}],"wp:attachment":[{"href":"https:\/\/www.tunisia-rentcar.com\/blog\/wp-json\/wp\/v2\/media?parent=618"}],"wp:term":[{"taxonomy":"category","embeddable":true,"href":"https:\/\/www.tunisia-rentcar.com\/blog\/wp-json\/wp\/v2\/categories?post=618"},{"taxonomy":"post_tag","embeddable":true,"href":"https:\/\/www.tunisia-rentcar.com\/blog\/wp-json\/wp\/v2\/tags?post=618"}],"curies":[{"name":"wp","href":"https:\/\/api.w.org\/{rel}","templated":true}]}}