{"id":471,"date":"2019-10-11T14:56:14","date_gmt":"2019-10-11T12:56:14","guid":{"rendered":"https:\/\/www.tunisia-rentcar.com\/blog\/?p=471"},"modified":"2020-01-04T19:31:44","modified_gmt":"2020-01-04T18:31:44","slug":"volkswagen-golf-8-la-future-compacte-avec-un-design-revele","status":"publish","type":"post","link":"https:\/\/www.tunisia-rentcar.com\/blog\/2019\/10\/11\/volkswagen-golf-8-la-future-compacte-avec-un-design-revele\/","title":{"rendered":"Volkswagen Golf 8 : la future compacte avec un design r\u00e9v\u00e9l\u00e9."},"content":{"rendered":"\n<figure class=\"wp-block-image\"><img decoding=\"async\" width=\"900\" height=\"596\" src=\"https:\/\/www.tunisia-rentcar.com\/blog\/wp-content\/uploads\/2019\/10\/volkswagen-golf-8.jpg\" alt=\"Volkswagen Golf 8 \" class=\"wp-image-472\" srcset=\"https:\/\/www.tunisia-rentcar.com\/blog\/wp-content\/uploads\/2019\/10\/volkswagen-golf-8.jpg 900w, https:\/\/www.tunisia-rentcar.com\/blog\/wp-content\/uploads\/2019\/10\/volkswagen-golf-8-300x199.jpg 300w, https:\/\/www.tunisia-rentcar.com\/blog\/wp-content\/uploads\/2019\/10\/volkswagen-golf-8-768x509.jpg 768w\" sizes=\"(max-width: 900px) 100vw, 900px\" \/><\/figure>\n\n\n\n<p>C\u2019est au bout de deux semaines que la\nhuiti\u00e8me g\u00e9n\u00e9ration de Golf sera d\u00e9voil\u00e9e le 24 Octobre 2019 de ce mois. Alors\nquelles sont les principales caract\u00e9ristiques de cette voiture&nbsp;?<\/p>\n\n\n\n<!--more-->\n\n\n\n<p>Aujourd\u2019hui, et apr\u00e8s plusieurs fuites, Volkswagen d\u00e9voile les nouvelles images de la g\u00e9n\u00e9ration de sa Golf 8 qui sera pr\u00e9sent\u00e9e fin de ce mois. <\/p>\n\n\n\n<h2 class=\"wp-block-heading\"><strong>Volkswagen Golf 8&nbsp;:la future compacte<\/strong><\/h2>\n\n\n\n<p>Par rapport aux pr\u00e9c\u00e9dentes g\u00e9n\u00e9rations, la <strong>Golf 8<\/strong> suit l\u2019\u00e9volution des autres automobiles. En effet, il s\u2019agit d\u2019un dessin de l\u2019ext\u00e9rieur que l\u2019on aper\u00e7oit des traits de l\u2019auto avec un regard plus per\u00e7ant.On peut&nbsp; ajouter que cette voiture se caract\u00e9rise par une batterie de <strong>15 kwh<\/strong> ,une <strong>classe B hybride <\/strong>qui revendique une autonomie entre <strong>50 et 70 km<\/strong>. La Golf 8 reprend le principe de la <strong>Mercedes classe A <\/strong>avec<strong> 4 cylindres 1.3 litre<\/strong> turbocompress\u00e9 de <strong>160 chevaux<\/strong> et qui ressemble \u00e0 la gamme de Renault. <\/p>\n\n\n\n<ul class=\"wp-block-gallery columns-1 is-cropped wp-block-gallery-1 is-layout-flex wp-block-gallery-is-layout-flex\"><li class=\"blocks-gallery-item\"><figure><img decoding=\"async\" width=\"1024\" height=\"576\" src=\"https:\/\/www.tunisia-rentcar.com\/blog\/wp-content\/uploads\/2019\/10\/hd-golf-8-les-premi\u00e8res-images-de-la-compacte-allemande-1-1024x576.jpg\" alt=\"\" data-id=\"474\" data-link=\"https:\/\/www.tunisia-rentcar.com\/blog\/?attachment_id=474\" class=\"wp-image-474\" srcset=\"https:\/\/www.tunisia-rentcar.com\/blog\/wp-content\/uploads\/2019\/10\/hd-golf-8-les-premi\u00e8res-images-de-la-compacte-allemande-1-1024x576.jpg 1024w, https:\/\/www.tunisia-rentcar.com\/blog\/wp-content\/uploads\/2019\/10\/hd-golf-8-les-premi\u00e8res-images-de-la-compacte-allemande-1-300x169.jpg 300w, https:\/\/www.tunisia-rentcar.com\/blog\/wp-content\/uploads\/2019\/10\/hd-golf-8-les-premi\u00e8res-images-de-la-compacte-allemande-1-768x432.jpg 768w, https:\/\/www.tunisia-rentcar.com\/blog\/wp-content\/uploads\/2019\/10\/hd-golf-8-les-premi\u00e8res-images-de-la-compacte-allemande-1.jpg 1280w\" sizes=\"(max-width: 1024px) 100vw, 1024px\" \/><figcaption> <br> <br> <br> <br> <br> <br> Volkswagen  Golf 8  <\/figcaption><\/figure><\/li><\/ul>\n\n\n\n<h1 class=\"wp-block-heading\"><strong>Volkswagen Golf\n8&nbsp;: autres caract\u00e9ristiques <\/strong><\/h1>\n\n\n\n<p>Une autre sp\u00e9cifique du Golf 8 est qu\u2019elle s\u2019appuie sur la connectivit\u00e9 et le digital sans oublier les technologies d\u2019assistance \u00e0 la conduite. Elle est plus dynamique avec son design ext\u00e9rieur, et s\u2019approche des g\u00e9n\u00e9rations actuelles. La Volkswagen 8 sera pr\u00e9sente expos\u00e9e officiellement le <strong>24 Octobre 2019 <\/strong>pour un lancement au d\u00e9but de l\u2019ann\u00e9e 2020 en Janvier, mais pr\u00e9sent\u00e9e en concession \u00e0 partir de D\u00e9cembre 2019. <\/p>\n\n\n\n<p>Suivez nous et restez connect\u00e9s \u00e0 notre blog pour toutes actualit\u00e9s en automobiles. <\/p>\n\n\n\n<p>Ainsi pour toute <strong><a rel=\"noreferrer noopener\" aria-label=\" (s\u2019ouvre dans un nouvel onglet)\" href=\"https:\/\/www.tunisia-rentcar.com\/reservation.php\" target=\"_blank\">location voiture Tunisie<\/a><\/strong>, contactez <a rel=\"noreferrer noopener\" aria-label=\"notre agence de location de voiture en Tunisie pas cher (s\u2019ouvre dans un nouvel onglet)\" href=\"https:\/\/www.tunisia-rentcar.com\/\" target=\"_blank\"><strong>notre agence de location de voiture en Tunisie pas cher<\/strong><\/a>. Tunisia Rent Car met \u00e0 votre disposition des v\u00e9hicules neufs.&nbsp; Que vous recherchez des automobiles avec une cat\u00e9gorie \u00e9conomique, \u00e9quip\u00e9e d\u2019une bo\u00eete automatique avec ou sans climatisation notre <strong>agence de location de voiture \u00e0 Hammamet<\/strong> est pour vous garantir un v\u00e9hicule au meilleur prix dans les meilleures conditions. <\/p>\n\n\n\n<p>Trouvez les <strong><a rel=\"noreferrer noopener\" aria-label=\" (s\u2019ouvre dans un nouvel onglet)\" href=\"https:\/\/www.tunisia-rentcar.com\/tarifs.php\" target=\"_blank\">tarifs de location voiture en Tunisie<\/a><\/strong> sur notre site et faites rapidement votre r\u00e9servation en ligne.<\/p>\n","protected":false},"excerpt":{"rendered":"<p>C\u2019est au bout de deux semaines que la huiti\u00e8me g\u00e9n\u00e9ration de Golf sera d\u00e9voil\u00e9e le 24 Octobre 2019 de ce mois. Alors quelles sont les principales caract\u00e9ristiques de cette voiture&nbsp;?<\/p>\n","protected":false},"author":1,"featured_media":472,"comment_status":"open","ping_status":"open","sticky":false,"template":"","format":"standard","meta":{"footnotes":""},"categories":[1],"tags":[],"class_list":["post-471","post","type-post","status-publish","format-standard","has-post-thumbnail","hentry","category-actualites"],"yoast_head":"<!-- This site is optimized with the Yoast SEO plugin v21.2 - https:\/\/yoast.com\/wordpress\/plugins\/seo\/ -->\n<title>Volkswagen Golf 8:la future compacte avec un design r\u00e9v\u00e9l\u00e9.<\/title>\n<meta name=\"description\" content=\"Volkswagen Golf 8 :la future compacte avec un design r\u00e9v\u00e9l\u00e9 et plusieures caract\u00e9ristiques . D\u00e9couvrez les d\u00e9tails de cette automobile dans notre article.\" \/>\n<meta name=\"robots\" content=\"index, follow, max-snippet:-1, max-image-preview:large, max-video-preview:-1\" \/>\n<link rel=\"canonical\" href=\"https:\/\/www.tunisia-rentcar.com\/blog\/2019\/10\/11\/volkswagen-golf-8-la-future-compacte-avec-un-design-revele\/\" \/>\n<meta property=\"og:locale\" content=\"fr_FR\" \/>\n<meta property=\"og:type\" content=\"article\" \/>\n<meta property=\"og:title\" content=\"Volkswagen Golf 8:la future compacte avec un design r\u00e9v\u00e9l\u00e9.\" \/>\n<meta property=\"og:description\" content=\"Volkswagen Golf 8 :la future compacte avec un design r\u00e9v\u00e9l\u00e9 et plusieures caract\u00e9ristiques . D\u00e9couvrez les d\u00e9tails de cette automobile dans notre article.\" \/>\n<meta property=\"og:url\" content=\"https:\/\/www.tunisia-rentcar.com\/blog\/2019\/10\/11\/volkswagen-golf-8-la-future-compacte-avec-un-design-revele\/\" \/>\n<meta property=\"og:site_name\" content=\"Blog Tunisia Rentcar\" \/>\n<meta property=\"article:published_time\" content=\"2019-10-11T12:56:14+00:00\" \/>\n<meta property=\"article:modified_time\" content=\"2020-01-04T18:31:44+00:00\" \/>\n<meta property=\"og:image\" content=\"https:\/\/www.tunisia-rentcar.com\/blog\/wp-content\/uploads\/2019\/10\/volkswagen-golf-8.jpg\" \/>\n\t<meta property=\"og:image:width\" content=\"900\" \/>\n\t<meta property=\"og:image:height\" content=\"596\" \/>\n\t<meta property=\"og:image:type\" content=\"image\/jpeg\" \/>\n<meta name=\"author\" content=\"admin_lies\" \/>\n<meta name=\"twitter:card\" content=\"summary_large_image\" \/>\n<meta name=\"twitter:label1\" content=\"\u00c9crit par\" \/>\n\t<meta name=\"twitter:data1\" content=\"admin_lies\" \/>\n\t<meta name=\"twitter:label2\" content=\"Dur\u00e9e de lecture estim\u00e9e\" \/>\n\t<meta name=\"twitter:data2\" content=\"2 minutes\" \/>\n<script type=\"application\/ld+json\" class=\"yoast-schema-graph\">{\"@context\":\"https:\/\/schema.org\",\"@graph\":[{\"@type\":\"WebPage\",\"@id\":\"https:\/\/www.tunisia-rentcar.com\/blog\/2019\/10\/11\/volkswagen-golf-8-la-future-compacte-avec-un-design-revele\/\",\"url\":\"https:\/\/www.tunisia-rentcar.com\/blog\/2019\/10\/11\/volkswagen-golf-8-la-future-compacte-avec-un-design-revele\/\",\"name\":\"Volkswagen Golf 8:la future compacte avec un design r\u00e9v\u00e9l\u00e9.\",\"isPartOf\":{\"@id\":\"https:\/\/www.tunisia-rentcar.com\/blog\/#website\"},\"datePublished\":\"2019-10-11T12:56:14+00:00\",\"dateModified\":\"2020-01-04T18:31:44+00:00\",\"author\":{\"@id\":\"https:\/\/www.tunisia-rentcar.com\/blog\/#\/schema\/person\/4d8879423e58830dd0ce12bacfcc71c0\"},\"description\":\"Volkswagen Golf 8 :la future compacte avec un design r\u00e9v\u00e9l\u00e9 et plusieures caract\u00e9ristiques . D\u00e9couvrez les d\u00e9tails de cette automobile dans notre article.\",\"breadcrumb\":{\"@id\":\"https:\/\/www.tunisia-rentcar.com\/blog\/2019\/10\/11\/volkswagen-golf-8-la-future-compacte-avec-un-design-revele\/#breadcrumb\"},\"inLanguage\":\"fr-FR\",\"potentialAction\":[{\"@type\":\"ReadAction\",\"target\":[\"https:\/\/www.tunisia-rentcar.com\/blog\/2019\/10\/11\/volkswagen-golf-8-la-future-compacte-avec-un-design-revele\/\"]}]},{\"@type\":\"BreadcrumbList\",\"@id\":\"https:\/\/www.tunisia-rentcar.com\/blog\/2019\/10\/11\/volkswagen-golf-8-la-future-compacte-avec-un-design-revele\/#breadcrumb\",\"itemListElement\":[{\"@type\":\"ListItem\",\"position\":1,\"name\":\"Accueil\",\"item\":\"https:\/\/www.tunisia-rentcar.com\/blog\/\"},{\"@type\":\"ListItem\",\"position\":2,\"name\":\"Volkswagen Golf 8 : la future compacte avec un design r\u00e9v\u00e9l\u00e9.\"}]},{\"@type\":\"WebSite\",\"@id\":\"https:\/\/www.tunisia-rentcar.com\/blog\/#website\",\"url\":\"https:\/\/www.tunisia-rentcar.com\/blog\/\",\"name\":\"Blog Tunisia Rentcar\",\"description\":\"Blog Tunisia Rentcar Trust\",\"potentialAction\":[{\"@type\":\"SearchAction\",\"target\":{\"@type\":\"EntryPoint\",\"urlTemplate\":\"https:\/\/www.tunisia-rentcar.com\/blog\/?s={search_term_string}\"},\"query-input\":\"required name=search_term_string\"}],\"inLanguage\":\"fr-FR\"},{\"@type\":\"Person\",\"@id\":\"https:\/\/www.tunisia-rentcar.com\/blog\/#\/schema\/person\/4d8879423e58830dd0ce12bacfcc71c0\",\"name\":\"admin_lies\",\"image\":{\"@type\":\"ImageObject\",\"inLanguage\":\"fr-FR\",\"@id\":\"https:\/\/www.tunisia-rentcar.com\/blog\/#\/schema\/person\/image\/\",\"url\":\"https:\/\/secure.gravatar.com\/avatar\/f45c6ea960354da0258c1d1977e7fe6dbb8946ff642dcbd431ef6ed020bd519b?s=96&d=mm&r=g\",\"contentUrl\":\"https:\/\/secure.gravatar.com\/avatar\/f45c6ea960354da0258c1d1977e7fe6dbb8946ff642dcbd431ef6ed020bd519b?s=96&d=mm&r=g\",\"caption\":\"admin_lies\"},\"url\":\"https:\/\/www.tunisia-rentcar.com\/blog\/author\/admin_lies\/\"}]}<\/script>\n<!-- \/ Yoast SEO plugin. -->","yoast_head_json":{"title":"Volkswagen Golf 8:la future compacte avec un design r\u00e9v\u00e9l\u00e9.","description":"Volkswagen Golf 8 :la future compacte avec un design r\u00e9v\u00e9l\u00e9 et plusieures caract\u00e9ristiques . D\u00e9couvrez les d\u00e9tails de cette automobile dans notre article.","robots":{"index":"index","follow":"follow","max-snippet":"max-snippet:-1","max-image-preview":"max-image-preview:large","max-video-preview":"max-video-preview:-1"},"canonical":"https:\/\/www.tunisia-rentcar.com\/blog\/2019\/10\/11\/volkswagen-golf-8-la-future-compacte-avec-un-design-revele\/","og_locale":"fr_FR","og_type":"article","og_title":"Volkswagen Golf 8:la future compacte avec un design r\u00e9v\u00e9l\u00e9.","og_description":"Volkswagen Golf 8 :la future compacte avec un design r\u00e9v\u00e9l\u00e9 et plusieures caract\u00e9ristiques . D\u00e9couvrez les d\u00e9tails de cette automobile dans notre article.","og_url":"https:\/\/www.tunisia-rentcar.com\/blog\/2019\/10\/11\/volkswagen-golf-8-la-future-compacte-avec-un-design-revele\/","og_site_name":"Blog Tunisia Rentcar","article_published_time":"2019-10-11T12:56:14+00:00","article_modified_time":"2020-01-04T18:31:44+00:00","og_image":[{"width":900,"height":596,"url":"https:\/\/www.tunisia-rentcar.com\/blog\/wp-content\/uploads\/2019\/10\/volkswagen-golf-8.jpg","type":"image\/jpeg"}],"author":"admin_lies","twitter_card":"summary_large_image","twitter_misc":{"\u00c9crit par":"admin_lies","Dur\u00e9e de lecture estim\u00e9e":"2 minutes"},"schema":{"@context":"https:\/\/schema.org","@graph":[{"@type":"WebPage","@id":"https:\/\/www.tunisia-rentcar.com\/blog\/2019\/10\/11\/volkswagen-golf-8-la-future-compacte-avec-un-design-revele\/","url":"https:\/\/www.tunisia-rentcar.com\/blog\/2019\/10\/11\/volkswagen-golf-8-la-future-compacte-avec-un-design-revele\/","name":"Volkswagen Golf 8:la future compacte avec un design r\u00e9v\u00e9l\u00e9.","isPartOf":{"@id":"https:\/\/www.tunisia-rentcar.com\/blog\/#website"},"datePublished":"2019-10-11T12:56:14+00:00","dateModified":"2020-01-04T18:31:44+00:00","author":{"@id":"https:\/\/www.tunisia-rentcar.com\/blog\/#\/schema\/person\/4d8879423e58830dd0ce12bacfcc71c0"},"description":"Volkswagen Golf 8 :la future compacte avec un design r\u00e9v\u00e9l\u00e9 et plusieures caract\u00e9ristiques . D\u00e9couvrez les d\u00e9tails de cette automobile dans notre article.","breadcrumb":{"@id":"https:\/\/www.tunisia-rentcar.com\/blog\/2019\/10\/11\/volkswagen-golf-8-la-future-compacte-avec-un-design-revele\/#breadcrumb"},"inLanguage":"fr-FR","potentialAction":[{"@type":"ReadAction","target":["https:\/\/www.tunisia-rentcar.com\/blog\/2019\/10\/11\/volkswagen-golf-8-la-future-compacte-avec-un-design-revele\/"]}]},{"@type":"BreadcrumbList","@id":"https:\/\/www.tunisia-rentcar.com\/blog\/2019\/10\/11\/volkswagen-golf-8-la-future-compacte-avec-un-design-revele\/#breadcrumb","itemListElement":[{"@type":"ListItem","position":1,"name":"Accueil","item":"https:\/\/www.tunisia-rentcar.com\/blog\/"},{"@type":"ListItem","position":2,"name":"Volkswagen Golf 8 : la future compacte avec un design r\u00e9v\u00e9l\u00e9."}]},{"@type":"WebSite","@id":"https:\/\/www.tunisia-rentcar.com\/blog\/#website","url":"https:\/\/www.tunisia-rentcar.com\/blog\/","name":"Blog Tunisia Rentcar","description":"Blog Tunisia Rentcar Trust","potentialAction":[{"@type":"SearchAction","target":{"@type":"EntryPoint","urlTemplate":"https:\/\/www.tunisia-rentcar.com\/blog\/?s={search_term_string}"},"query-input":"required name=search_term_string"}],"inLanguage":"fr-FR"},{"@type":"Person","@id":"https:\/\/www.tunisia-rentcar.com\/blog\/#\/schema\/person\/4d8879423e58830dd0ce12bacfcc71c0","name":"admin_lies","image":{"@type":"ImageObject","inLanguage":"fr-FR","@id":"https:\/\/www.tunisia-rentcar.com\/blog\/#\/schema\/person\/image\/","url":"https:\/\/secure.gravatar.com\/avatar\/f45c6ea960354da0258c1d1977e7fe6dbb8946ff642dcbd431ef6ed020bd519b?s=96&d=mm&r=g","contentUrl":"https:\/\/secure.gravatar.com\/avatar\/f45c6ea960354da0258c1d1977e7fe6dbb8946ff642dcbd431ef6ed020bd519b?s=96&d=mm&r=g","caption":"admin_lies"},"url":"https:\/\/www.tunisia-rentcar.com\/blog\/author\/admin_lies\/"}]}},"_links":{"self":[{"href":"https:\/\/www.tunisia-rentcar.com\/blog\/wp-json\/wp\/v2\/posts\/471","targetHints":{"allow":["GET"]}}],"collection":[{"href":"https:\/\/www.tunisia-rentcar.com\/blog\/wp-json\/wp\/v2\/posts"}],"about":[{"href":"https:\/\/www.tunisia-rentcar.com\/blog\/wp-json\/wp\/v2\/types\/post"}],"author":[{"embeddable":true,"href":"https:\/\/www.tunisia-rentcar.com\/blog\/wp-json\/wp\/v2\/users\/1"}],"replies":[{"embeddable":true,"href":"https:\/\/www.tunisia-rentcar.com\/blog\/wp-json\/wp\/v2\/comments?post=471"}],"version-history":[{"count":7,"href":"https:\/\/www.tunisia-rentcar.com\/blog\/wp-json\/wp\/v2\/posts\/471\/revisions"}],"predecessor-version":[{"id":566,"href":"https:\/\/www.tunisia-rentcar.com\/blog\/wp-json\/wp\/v2\/posts\/471\/revisions\/566"}],"wp:featuredmedia":[{"embeddable":true,"href":"https:\/\/www.tunisia-rentcar.com\/blog\/wp-json\/wp\/v2\/media\/472"}],"wp:attachment":[{"href":"https:\/\/www.tunisia-rentcar.com\/blog\/wp-json\/wp\/v2\/media?parent=471"}],"wp:term":[{"taxonomy":"category","embeddable":true,"href":"https:\/\/www.tunisia-rentcar.com\/blog\/wp-json\/wp\/v2\/categories?post=471"},{"taxonomy":"post_tag","embeddable":true,"href":"https:\/\/www.tunisia-rentcar.com\/blog\/wp-json\/wp\/v2\/tags?post=471"}],"curies":[{"name":"wp","href":"https:\/\/api.w.org\/{rel}","templated":true}]}}