{"id":43,"date":"2018-01-15T16:44:44","date_gmt":"2018-01-15T15:44:44","guid":{"rendered":"http:\/\/www.tunisia-rentcar.com\/blog\/?p=43"},"modified":"2018-01-24T13:01:17","modified_gmt":"2018-01-24T12:01:17","slug":"nouveau-mercedes-classe-g-sera-disponible-a-partir-mois-de-mai-2018","status":"publish","type":"post","link":"https:\/\/www.tunisia-rentcar.com\/blog\/2018\/01\/15\/nouveau-mercedes-classe-g-sera-disponible-a-partir-mois-de-mai-2018\/","title":{"rendered":"Le nouveau Mercedes Classe G sera disponible \u00e0 partir du mois de Mai 2018"},"content":{"rendered":"<p align=\"justify\"><span style=\"font-family: 'Century Gothic';\">Une nouveaut\u00e9 dans le march\u00e9 d\u2019automobile a \u00e9t\u00e9 lanc\u00e9 cette semaine\u00a0! Le <strong>Mercedes Classe G<\/strong>, la voiture pratiquement inchang\u00e9e depuis 1979, vient d\u2019\u00eatre renouvel\u00e9 en 2018.<\/span><!--more--><\/p>\n<p align=\"justify\"><span style=\"font-family: 'Century Gothic';\">En effet, pour le design, quelques angles sont devenus plus arrondis, les charni\u00e8res de portes sont toujours visibles, les clignos avant sont encore pro\u00e9minents, la roue de secours est aussi positionn\u00e9e sur la porte arri\u00e8re. Bref, les designers de <strong>Mercedes<\/strong> n\u2019ont pas risqu\u00e9 de trop modifier, il y\u2018aura pas de grands changements\u00a0! Par contre, ce mod\u00e8le est enti\u00e8rement nouveau.<\/span><\/p>\n<p align=\"justify\"><span style=\"font-family: 'Century Gothic';\">Ainsi, le nouveau mod\u00e8le de Mercedes offre une fiche technique asses surprenante &amp; importante\u00a0:<\/span><\/p>\n<ul>\n<li>\n<p align=\"justify\"><span style=\"font-family: 'Century Gothic';\">Garde au sol de 24,1 cm<\/span><\/p>\n<\/li>\n<li>\n<p align=\"justify\"><span style=\"font-family: 'Century Gothic';\">Angle d\u2019approche de 31\u00b0<\/span><\/p>\n<\/li>\n<li>\n<p align=\"justify\"><span style=\"font-family: 'Century Gothic';\">Angle de sortie de 26\u00b0<\/span><\/p>\n<\/li>\n<li>\n<p align=\"justify\"><span style=\"font-family: 'Century Gothic';\">Peut recevoir une double dalle LCD de 12,3<\/span><\/p>\n<\/li>\n<li>\u2026<\/li>\n<\/ul>\n<div id=\"attachment_45\" style=\"width: 1610px\" class=\"wp-caption aligncenter\"><img decoding=\"async\" aria-describedby=\"caption-attachment-45\" class=\"size-full wp-image-45\" src=\"http:\/\/www.tunisia-rentcar.com\/blog\/wp-content\/uploads\/2018\/01\/Classe-G-2018.jpg\" alt=\"Le nouveau Mercedes Classe G\" width=\"1600\" height=\"1200\" srcset=\"https:\/\/www.tunisia-rentcar.com\/blog\/wp-content\/uploads\/2018\/01\/Classe-G-2018.jpg 1600w, https:\/\/www.tunisia-rentcar.com\/blog\/wp-content\/uploads\/2018\/01\/Classe-G-2018-300x225.jpg 300w, https:\/\/www.tunisia-rentcar.com\/blog\/wp-content\/uploads\/2018\/01\/Classe-G-2018-768x576.jpg 768w, https:\/\/www.tunisia-rentcar.com\/blog\/wp-content\/uploads\/2018\/01\/Classe-G-2018-1024x768.jpg 1024w\" sizes=\"(max-width: 1600px) 100vw, 1600px\" \/><p id=\"caption-attachment-45\" class=\"wp-caption-text\">Le nouveau Mercedes Classe G<\/p><\/div>\n<div id=\"attachment_46\" style=\"width: 1610px\" class=\"wp-caption aligncenter\"><img decoding=\"async\" aria-describedby=\"caption-attachment-46\" class=\"size-full wp-image-46\" src=\"http:\/\/www.tunisia-rentcar.com\/blog\/wp-content\/uploads\/2018\/01\/Classe-G-02.jpg\" alt=\"Mercedes Classe-G\" width=\"1600\" height=\"1067\" srcset=\"https:\/\/www.tunisia-rentcar.com\/blog\/wp-content\/uploads\/2018\/01\/Classe-G-02.jpg 1600w, https:\/\/www.tunisia-rentcar.com\/blog\/wp-content\/uploads\/2018\/01\/Classe-G-02-300x200.jpg 300w, https:\/\/www.tunisia-rentcar.com\/blog\/wp-content\/uploads\/2018\/01\/Classe-G-02-768x512.jpg 768w, https:\/\/www.tunisia-rentcar.com\/blog\/wp-content\/uploads\/2018\/01\/Classe-G-02-1024x683.jpg 1024w\" sizes=\"(max-width: 1600px) 100vw, 1600px\" \/><p id=\"caption-attachment-46\" class=\"wp-caption-text\">Mercedes Classe-G<\/p><\/div>\n<div id=\"attachment_47\" style=\"width: 1610px\" class=\"wp-caption alignnone\"><img decoding=\"async\" aria-describedby=\"caption-attachment-47\" class=\"size-full wp-image-47\" src=\"http:\/\/www.tunisia-rentcar.com\/blog\/wp-content\/uploads\/2018\/01\/Classe-G-20.jpg\" alt=\"Mercedes Classe-G 2018\" width=\"1600\" height=\"1067\" srcset=\"https:\/\/www.tunisia-rentcar.com\/blog\/wp-content\/uploads\/2018\/01\/Classe-G-20.jpg 1600w, https:\/\/www.tunisia-rentcar.com\/blog\/wp-content\/uploads\/2018\/01\/Classe-G-20-300x200.jpg 300w, https:\/\/www.tunisia-rentcar.com\/blog\/wp-content\/uploads\/2018\/01\/Classe-G-20-768x512.jpg 768w, https:\/\/www.tunisia-rentcar.com\/blog\/wp-content\/uploads\/2018\/01\/Classe-G-20-1024x683.jpg 1024w\" sizes=\"(max-width: 1600px) 100vw, 1600px\" \/><p id=\"caption-attachment-47\" class=\"wp-caption-text\">Mercedes Classe-G 2018<\/p><\/div>\n<p align=\"justify\"><span style=\"font-family: 'Century Gothic';\">Finalement, le G500 sera lanc\u00e9 au terrain \u00e0 partir du mois de mai et ceci avec le prix environ <strong>107 400 \u20ac<\/strong> en Allemagne (hors options).<\/span><\/p>\n","protected":false},"excerpt":{"rendered":"<p>Une nouveaut\u00e9 dans le march\u00e9 d\u2019automobile a \u00e9t\u00e9 lanc\u00e9 cette semaine\u00a0! Le Mercedes Classe G, la voiture pratiquement inchang\u00e9e depuis 1979, vient d\u2019\u00eatre renouvel\u00e9 en 2018.<\/p>\n","protected":false},"author":1,"featured_media":44,"comment_status":"open","ping_status":"open","sticky":false,"template":"","format":"standard","meta":{"footnotes":""},"categories":[1],"tags":[8,9,4],"class_list":["post-43","post","type-post","status-publish","format-standard","has-post-thumbnail","hentry","category-actualites","tag-mercedes","tag-mercedes-classe-g","tag-tendance-automobile"],"yoast_head":"<!-- This site is optimized with the Yoast SEO plugin v21.2 - https:\/\/yoast.com\/wordpress\/plugins\/seo\/ -->\n<title>Le nouveau Mercedes Classe G sera disponible en 2018<\/title>\n<meta name=\"description\" content=\"Le nouveau Mercedes Classe G sera disponible \u00e0 partir du mois de Mai 2018: d\u00e9couvrez tous les d\u00e9tails de ce nouveau produit directement sur le blog de Tunisia rent car\" \/>\n<meta name=\"robots\" content=\"index, follow, max-snippet:-1, max-image-preview:large, max-video-preview:-1\" \/>\n<link rel=\"canonical\" href=\"https:\/\/www.tunisia-rentcar.com\/blog\/2018\/01\/15\/nouveau-mercedes-classe-g-sera-disponible-a-partir-mois-de-mai-2018\/\" \/>\n<meta property=\"og:locale\" content=\"fr_FR\" \/>\n<meta property=\"og:type\" content=\"article\" \/>\n<meta property=\"og:title\" content=\"Le nouveau Mercedes Classe G sera disponible en 2018\" \/>\n<meta property=\"og:description\" content=\"Le nouveau Mercedes Classe G sera disponible \u00e0 partir du mois de Mai 2018: d\u00e9couvrez tous les d\u00e9tails de ce nouveau produit directement sur le blog de Tunisia rent car\" \/>\n<meta property=\"og:url\" content=\"https:\/\/www.tunisia-rentcar.com\/blog\/2018\/01\/15\/nouveau-mercedes-classe-g-sera-disponible-a-partir-mois-de-mai-2018\/\" \/>\n<meta property=\"og:site_name\" content=\"Blog Tunisia Rentcar\" \/>\n<meta property=\"article:published_time\" content=\"2018-01-15T15:44:44+00:00\" \/>\n<meta property=\"article:modified_time\" content=\"2018-01-24T12:01:17+00:00\" \/>\n<meta property=\"og:image\" content=\"https:\/\/www.tunisia-rentcar.com\/blog\/wp-content\/uploads\/2018\/01\/Classe-G-08.jpg\" \/>\n\t<meta property=\"og:image:width\" content=\"1600\" \/>\n\t<meta property=\"og:image:height\" content=\"1062\" \/>\n\t<meta property=\"og:image:type\" content=\"image\/jpeg\" \/>\n<meta name=\"author\" content=\"admin_lies\" \/>\n<meta name=\"twitter:card\" content=\"summary_large_image\" \/>\n<meta name=\"twitter:label1\" content=\"\u00c9crit par\" \/>\n\t<meta name=\"twitter:data1\" content=\"admin_lies\" \/>\n\t<meta name=\"twitter:label2\" content=\"Dur\u00e9e de lecture estim\u00e9e\" \/>\n\t<meta name=\"twitter:data2\" content=\"1 minute\" \/>\n<script type=\"application\/ld+json\" class=\"yoast-schema-graph\">{\"@context\":\"https:\/\/schema.org\",\"@graph\":[{\"@type\":\"WebPage\",\"@id\":\"https:\/\/www.tunisia-rentcar.com\/blog\/2018\/01\/15\/nouveau-mercedes-classe-g-sera-disponible-a-partir-mois-de-mai-2018\/\",\"url\":\"https:\/\/www.tunisia-rentcar.com\/blog\/2018\/01\/15\/nouveau-mercedes-classe-g-sera-disponible-a-partir-mois-de-mai-2018\/\",\"name\":\"Le nouveau Mercedes Classe G sera disponible en 2018\",\"isPartOf\":{\"@id\":\"https:\/\/www.tunisia-rentcar.com\/blog\/#website\"},\"datePublished\":\"2018-01-15T15:44:44+00:00\",\"dateModified\":\"2018-01-24T12:01:17+00:00\",\"author\":{\"@id\":\"https:\/\/www.tunisia-rentcar.com\/blog\/#\/schema\/person\/4d8879423e58830dd0ce12bacfcc71c0\"},\"description\":\"Le nouveau Mercedes Classe G sera disponible \u00e0 partir du mois de Mai 2018: d\u00e9couvrez tous les d\u00e9tails de ce nouveau produit directement sur le blog de Tunisia rent car\",\"breadcrumb\":{\"@id\":\"https:\/\/www.tunisia-rentcar.com\/blog\/2018\/01\/15\/nouveau-mercedes-classe-g-sera-disponible-a-partir-mois-de-mai-2018\/#breadcrumb\"},\"inLanguage\":\"fr-FR\",\"potentialAction\":[{\"@type\":\"ReadAction\",\"target\":[\"https:\/\/www.tunisia-rentcar.com\/blog\/2018\/01\/15\/nouveau-mercedes-classe-g-sera-disponible-a-partir-mois-de-mai-2018\/\"]}]},{\"@type\":\"BreadcrumbList\",\"@id\":\"https:\/\/www.tunisia-rentcar.com\/blog\/2018\/01\/15\/nouveau-mercedes-classe-g-sera-disponible-a-partir-mois-de-mai-2018\/#breadcrumb\",\"itemListElement\":[{\"@type\":\"ListItem\",\"position\":1,\"name\":\"Accueil\",\"item\":\"https:\/\/www.tunisia-rentcar.com\/blog\/\"},{\"@type\":\"ListItem\",\"position\":2,\"name\":\"Le nouveau Mercedes Classe G sera disponible \u00e0 partir du mois de Mai 2018\"}]},{\"@type\":\"WebSite\",\"@id\":\"https:\/\/www.tunisia-rentcar.com\/blog\/#website\",\"url\":\"https:\/\/www.tunisia-rentcar.com\/blog\/\",\"name\":\"Blog Tunisia Rentcar\",\"description\":\"Blog Tunisia Rentcar Trust\",\"potentialAction\":[{\"@type\":\"SearchAction\",\"target\":{\"@type\":\"EntryPoint\",\"urlTemplate\":\"https:\/\/www.tunisia-rentcar.com\/blog\/?s={search_term_string}\"},\"query-input\":\"required name=search_term_string\"}],\"inLanguage\":\"fr-FR\"},{\"@type\":\"Person\",\"@id\":\"https:\/\/www.tunisia-rentcar.com\/blog\/#\/schema\/person\/4d8879423e58830dd0ce12bacfcc71c0\",\"name\":\"admin_lies\",\"image\":{\"@type\":\"ImageObject\",\"inLanguage\":\"fr-FR\",\"@id\":\"https:\/\/www.tunisia-rentcar.com\/blog\/#\/schema\/person\/image\/\",\"url\":\"https:\/\/secure.gravatar.com\/avatar\/f45c6ea960354da0258c1d1977e7fe6dbb8946ff642dcbd431ef6ed020bd519b?s=96&d=mm&r=g\",\"contentUrl\":\"https:\/\/secure.gravatar.com\/avatar\/f45c6ea960354da0258c1d1977e7fe6dbb8946ff642dcbd431ef6ed020bd519b?s=96&d=mm&r=g\",\"caption\":\"admin_lies\"},\"url\":\"https:\/\/www.tunisia-rentcar.com\/blog\/author\/admin_lies\/\"}]}<\/script>\n<!-- \/ Yoast SEO plugin. -->","yoast_head_json":{"title":"Le nouveau Mercedes Classe G sera disponible en 2018","description":"Le nouveau Mercedes Classe G sera disponible \u00e0 partir du mois de Mai 2018: d\u00e9couvrez tous les d\u00e9tails de ce nouveau produit directement sur le blog de Tunisia rent car","robots":{"index":"index","follow":"follow","max-snippet":"max-snippet:-1","max-image-preview":"max-image-preview:large","max-video-preview":"max-video-preview:-1"},"canonical":"https:\/\/www.tunisia-rentcar.com\/blog\/2018\/01\/15\/nouveau-mercedes-classe-g-sera-disponible-a-partir-mois-de-mai-2018\/","og_locale":"fr_FR","og_type":"article","og_title":"Le nouveau Mercedes Classe G sera disponible en 2018","og_description":"Le nouveau Mercedes Classe G sera disponible \u00e0 partir du mois de Mai 2018: d\u00e9couvrez tous les d\u00e9tails de ce nouveau produit directement sur le blog de Tunisia rent car","og_url":"https:\/\/www.tunisia-rentcar.com\/blog\/2018\/01\/15\/nouveau-mercedes-classe-g-sera-disponible-a-partir-mois-de-mai-2018\/","og_site_name":"Blog Tunisia Rentcar","article_published_time":"2018-01-15T15:44:44+00:00","article_modified_time":"2018-01-24T12:01:17+00:00","og_image":[{"width":1600,"height":1062,"url":"https:\/\/www.tunisia-rentcar.com\/blog\/wp-content\/uploads\/2018\/01\/Classe-G-08.jpg","type":"image\/jpeg"}],"author":"admin_lies","twitter_card":"summary_large_image","twitter_misc":{"\u00c9crit par":"admin_lies","Dur\u00e9e de lecture estim\u00e9e":"1 minute"},"schema":{"@context":"https:\/\/schema.org","@graph":[{"@type":"WebPage","@id":"https:\/\/www.tunisia-rentcar.com\/blog\/2018\/01\/15\/nouveau-mercedes-classe-g-sera-disponible-a-partir-mois-de-mai-2018\/","url":"https:\/\/www.tunisia-rentcar.com\/blog\/2018\/01\/15\/nouveau-mercedes-classe-g-sera-disponible-a-partir-mois-de-mai-2018\/","name":"Le nouveau Mercedes Classe G sera disponible en 2018","isPartOf":{"@id":"https:\/\/www.tunisia-rentcar.com\/blog\/#website"},"datePublished":"2018-01-15T15:44:44+00:00","dateModified":"2018-01-24T12:01:17+00:00","author":{"@id":"https:\/\/www.tunisia-rentcar.com\/blog\/#\/schema\/person\/4d8879423e58830dd0ce12bacfcc71c0"},"description":"Le nouveau Mercedes Classe G sera disponible \u00e0 partir du mois de Mai 2018: d\u00e9couvrez tous les d\u00e9tails de ce nouveau produit directement sur le blog de Tunisia rent car","breadcrumb":{"@id":"https:\/\/www.tunisia-rentcar.com\/blog\/2018\/01\/15\/nouveau-mercedes-classe-g-sera-disponible-a-partir-mois-de-mai-2018\/#breadcrumb"},"inLanguage":"fr-FR","potentialAction":[{"@type":"ReadAction","target":["https:\/\/www.tunisia-rentcar.com\/blog\/2018\/01\/15\/nouveau-mercedes-classe-g-sera-disponible-a-partir-mois-de-mai-2018\/"]}]},{"@type":"BreadcrumbList","@id":"https:\/\/www.tunisia-rentcar.com\/blog\/2018\/01\/15\/nouveau-mercedes-classe-g-sera-disponible-a-partir-mois-de-mai-2018\/#breadcrumb","itemListElement":[{"@type":"ListItem","position":1,"name":"Accueil","item":"https:\/\/www.tunisia-rentcar.com\/blog\/"},{"@type":"ListItem","position":2,"name":"Le nouveau Mercedes Classe G sera disponible \u00e0 partir du mois de Mai 2018"}]},{"@type":"WebSite","@id":"https:\/\/www.tunisia-rentcar.com\/blog\/#website","url":"https:\/\/www.tunisia-rentcar.com\/blog\/","name":"Blog Tunisia Rentcar","description":"Blog Tunisia Rentcar Trust","potentialAction":[{"@type":"SearchAction","target":{"@type":"EntryPoint","urlTemplate":"https:\/\/www.tunisia-rentcar.com\/blog\/?s={search_term_string}"},"query-input":"required name=search_term_string"}],"inLanguage":"fr-FR"},{"@type":"Person","@id":"https:\/\/www.tunisia-rentcar.com\/blog\/#\/schema\/person\/4d8879423e58830dd0ce12bacfcc71c0","name":"admin_lies","image":{"@type":"ImageObject","inLanguage":"fr-FR","@id":"https:\/\/www.tunisia-rentcar.com\/blog\/#\/schema\/person\/image\/","url":"https:\/\/secure.gravatar.com\/avatar\/f45c6ea960354da0258c1d1977e7fe6dbb8946ff642dcbd431ef6ed020bd519b?s=96&d=mm&r=g","contentUrl":"https:\/\/secure.gravatar.com\/avatar\/f45c6ea960354da0258c1d1977e7fe6dbb8946ff642dcbd431ef6ed020bd519b?s=96&d=mm&r=g","caption":"admin_lies"},"url":"https:\/\/www.tunisia-rentcar.com\/blog\/author\/admin_lies\/"}]}},"_links":{"self":[{"href":"https:\/\/www.tunisia-rentcar.com\/blog\/wp-json\/wp\/v2\/posts\/43","targetHints":{"allow":["GET"]}}],"collection":[{"href":"https:\/\/www.tunisia-rentcar.com\/blog\/wp-json\/wp\/v2\/posts"}],"about":[{"href":"https:\/\/www.tunisia-rentcar.com\/blog\/wp-json\/wp\/v2\/types\/post"}],"author":[{"embeddable":true,"href":"https:\/\/www.tunisia-rentcar.com\/blog\/wp-json\/wp\/v2\/users\/1"}],"replies":[{"embeddable":true,"href":"https:\/\/www.tunisia-rentcar.com\/blog\/wp-json\/wp\/v2\/comments?post=43"}],"version-history":[{"count":3,"href":"https:\/\/www.tunisia-rentcar.com\/blog\/wp-json\/wp\/v2\/posts\/43\/revisions"}],"predecessor-version":[{"id":50,"href":"https:\/\/www.tunisia-rentcar.com\/blog\/wp-json\/wp\/v2\/posts\/43\/revisions\/50"}],"wp:featuredmedia":[{"embeddable":true,"href":"https:\/\/www.tunisia-rentcar.com\/blog\/wp-json\/wp\/v2\/media\/44"}],"wp:attachment":[{"href":"https:\/\/www.tunisia-rentcar.com\/blog\/wp-json\/wp\/v2\/media?parent=43"}],"wp:term":[{"taxonomy":"category","embeddable":true,"href":"https:\/\/www.tunisia-rentcar.com\/blog\/wp-json\/wp\/v2\/categories?post=43"},{"taxonomy":"post_tag","embeddable":true,"href":"https:\/\/www.tunisia-rentcar.com\/blog\/wp-json\/wp\/v2\/tags?post=43"}],"curies":[{"name":"wp","href":"https:\/\/api.w.org\/{rel}","templated":true}]}}