{"id":413,"date":"2019-09-11T12:28:57","date_gmt":"2019-09-11T10:28:57","guid":{"rendered":"https:\/\/www.tunisia-rentcar.com\/blog\/?p=413"},"modified":"2020-01-04T19:32:26","modified_gmt":"2020-01-04T18:32:26","slug":"salon-dautomobile-francfort-2019-une-occasion-des-nouvelles-voitures","status":"publish","type":"post","link":"https:\/\/www.tunisia-rentcar.com\/blog\/2019\/09\/11\/salon-dautomobile-francfort-2019-une-occasion-des-nouvelles-voitures\/","title":{"rendered":"Salon d\u2019automobile Francfort 2019 :  une occasion des nouvelles voitures."},"content":{"rendered":"\n<figure class=\"wp-block-image\"><img decoding=\"async\" width=\"1024\" height=\"575\" src=\"https:\/\/www.tunisia-rentcar.com\/blog\/wp-content\/uploads\/2019\/09\/000_dv2128840.22e2d092253.original-1024x575.jpg\" alt=\"\" class=\"wp-image-414\" srcset=\"https:\/\/www.tunisia-rentcar.com\/blog\/wp-content\/uploads\/2019\/09\/000_dv2128840.22e2d092253.original-1024x575.jpg 1024w, https:\/\/www.tunisia-rentcar.com\/blog\/wp-content\/uploads\/2019\/09\/000_dv2128840.22e2d092253.original-300x169.jpg 300w, https:\/\/www.tunisia-rentcar.com\/blog\/wp-content\/uploads\/2019\/09\/000_dv2128840.22e2d092253.original-768x431.jpg 768w, https:\/\/www.tunisia-rentcar.com\/blog\/wp-content\/uploads\/2019\/09\/000_dv2128840.22e2d092253.original.jpg 1248w\" sizes=\"(max-width: 1024px) 100vw, 1024px\" \/><figcaption>Salon des automobiles de Francfort<\/figcaption><\/figure>\n\n\n\n<p>Apr\u00e8s le <strong>salon de Gen\u00e8ve <\/strong>qui s\u2019est d\u00e9roul\u00e9 en Mars dernier, le monde europ\u00e9en attend le salon de Francfort qui se d\u00e9roulera du <strong>14 au 22 Septembre <\/strong>en Allemagne.&nbsp;Mais quelles sont les nouveaut\u00e9s qui seront pr\u00e9sent\u00e9es dans ce salon&nbsp;?<\/p>\n\n\n\n<!--more-->\n\n\n\n<p>Le salon<strong> 68 <\/strong>du salon se d\u00e9roulera chaque ann\u00e9e et qui attire plus que <strong>81&nbsp;000<\/strong> visiteurs du monde. En effet, cette ann\u00e9e on trouve une liste des automobiles qui ne seront pas pr\u00e9sentes dans une premi\u00e8re liste dont la plupart sont des marques fran\u00e7aises.<\/p>\n\n\n\n<h1 class=\"wp-block-heading\"><strong>Salon Francfort&nbsp;: une occasion pour les professionnels et les amateurs.<\/strong><\/h1>\n\n\n\n<p>&nbsp; vous allez trouver une&nbsp; partie des v\u00e9hicules 100% \u00e9lectriques qui seront pr\u00e9sent\u00e9s sous forme de prototypes.&nbsp; En fait, l\u2019int\u00e9r\u00eat du salon automobile est que le public pourra d\u00e9couvrir&nbsp; toutes les nouveaut\u00e9s pour la premi\u00e8re fois. Voici une liste des v\u00e9hicules qui seront pr\u00e9sentes&nbsp;:<\/p>\n\n\n\n<ul class=\"wp-block-list\"><li>Smart\nEQ&nbsp; For TWo et For Four 2020&nbsp;seront\nd\u00e9voil\u00e9es avant la concr\u00e9tisation des accords pass\u00e9s.<\/li><li>Volkswagen&nbsp;:\nva d\u00e9voiler un mod\u00e8le d\u2019ID 3<\/li><li>Mini\nCooper&nbsp;: cette ann\u00e9e l\u2019arriv\u00e9e d\u2019une nouvelle Mini Electric<\/li><li>Concepts&nbsp;:\nune s\u00e9rie des prototypes comme le Hyundai 45 EV, Audi AI&nbsp;: Trail\nQuatro,&nbsp; Cupra Tavascan \u2026<\/li><li>Honda\nE&nbsp;: le mod\u00e8le E de Honda fera aussi&nbsp;\nses d\u00e9buts \u00e0 Francfort <\/li><li>Porsche\nTaycan&nbsp;: fera ses grands publics en Allemagne et d\u00e9voile ses nouveaut\u00e9s.<\/li><\/ul>\n\n\n\n<p>Le salon de Francfort, une occasion pour d\u00e9couvrir toutes nouveaut\u00e9s des automobiles &nbsp;pour les professionnels et les amateurs du monde automobile avec plus de <strong>1100 <\/strong>exposants pr\u00e9sents sur une surface de <strong>235&nbsp;000 m\u00b2 , 11&nbsp;000<\/strong> journalistes de plus de <strong>100 <\/strong>pays et accompagn\u00e9 d\u2019une vingtaine de congr\u00e8s professionnels.<\/p>\n\n\n\n<p>Trouvez les\nnouveaut\u00e9s de tous les salons mondiaux et internationaux sur notre Blog.<\/p>\n\n\n\n<h2 class=\"wp-block-heading\"><strong>Location voiture\nTunisie&nbsp;: faites le bon choix chez Tunisia Rent Car<\/strong><\/h2>\n\n\n\n<p>Ainsi, pour toute <a rel=\"noreferrer noopener\" aria-label=\"location voiture en Tunisie (s\u2019ouvre dans un nouvel onglet)\" href=\"https:\/\/www.tunisia-rentcar.com\/reservation.php\" target=\"_blank\">location voiture en Tunisie<\/a> faites appel \u00e0 Tunisia Rent Car&nbsp;: Location voiture kilometrage illimit\u00e9, location voiture longue dur\u00e9e Tunisie, location voiture Tourisme, notre <a rel=\"noreferrer noopener\" aria-label=\"agence de location de voiture en Tunisie pas cher  (s\u2019ouvre dans un nouvel onglet)\" href=\"https:\/\/www.tunisia-rentcar.com\/\" target=\"_blank\">agence de location de voiture en Tunisie pas cher <\/a>met \u00e0 votre disposition des v\u00e9hicules de haute qualit\u00e9 et neuves qui s\u2019adoptent certainement \u00e0 votre besoin. Contactez nous ou faites directement votre r\u00e9servation en ligne. Toutes les <a href=\"https:\/\/www.tunisia-rentcar.com\/tarifs.php\" target=\"_blank\" rel=\"noreferrer noopener\" aria-label=\"tarifs de location de voiture en Tunisie  (s\u2019ouvre dans un nouvel onglet)\">tarifs de location de voiture en Tunisie <\/a>sur notre site.<\/p>\n","protected":false},"excerpt":{"rendered":"<p>Apr\u00e8s le salon de Gen\u00e8ve qui s\u2019est d\u00e9roul\u00e9 en Mars dernier, le monde europ\u00e9en attend le salon de Francfort qui se d\u00e9roulera du 14 au 22 Septembre en Allemagne.&nbsp;Mais quelles&hellip;<\/p>\n","protected":false},"author":1,"featured_media":414,"comment_status":"open","ping_status":"open","sticky":false,"template":"","format":"standard","meta":{"footnotes":""},"categories":[1],"tags":[],"class_list":["post-413","post","type-post","status-publish","format-standard","has-post-thumbnail","hentry","category-actualites"],"yoast_head":"<!-- This site is optimized with the Yoast SEO plugin v21.2 - https:\/\/yoast.com\/wordpress\/plugins\/seo\/ -->\n<title>Salon d\u2019automobile Francfort : une occasion des nouvelles \u00e9lectriques.<\/title>\n<meta name=\"description\" content=\"Salon d\u2019automobile Francfort 2019 :une occasion des nouvelles \u00e9lectriques en Allemagne. D\u00e9couvrez les nouveaut\u00e9s des automobiles dans notre article de blog.\" \/>\n<meta name=\"robots\" content=\"index, follow, max-snippet:-1, max-image-preview:large, max-video-preview:-1\" \/>\n<link rel=\"canonical\" href=\"https:\/\/www.tunisia-rentcar.com\/blog\/2019\/09\/11\/salon-dautomobile-francfort-2019-une-occasion-des-nouvelles-voitures\/\" \/>\n<meta property=\"og:locale\" content=\"fr_FR\" \/>\n<meta property=\"og:type\" content=\"article\" \/>\n<meta property=\"og:title\" content=\"Salon d\u2019automobile Francfort : une occasion des nouvelles \u00e9lectriques.\" \/>\n<meta property=\"og:description\" content=\"Salon d\u2019automobile Francfort 2019 :une occasion des nouvelles \u00e9lectriques en Allemagne. D\u00e9couvrez les nouveaut\u00e9s des automobiles dans notre article de blog.\" \/>\n<meta property=\"og:url\" content=\"https:\/\/www.tunisia-rentcar.com\/blog\/2019\/09\/11\/salon-dautomobile-francfort-2019-une-occasion-des-nouvelles-voitures\/\" \/>\n<meta property=\"og:site_name\" content=\"Blog Tunisia Rentcar\" \/>\n<meta property=\"article:published_time\" content=\"2019-09-11T10:28:57+00:00\" \/>\n<meta property=\"article:modified_time\" content=\"2020-01-04T18:32:26+00:00\" \/>\n<meta property=\"og:image\" content=\"https:\/\/www.tunisia-rentcar.com\/blog\/wp-content\/uploads\/2019\/09\/000_dv2128840.22e2d092253.original.jpg\" \/>\n\t<meta property=\"og:image:width\" content=\"1248\" \/>\n\t<meta property=\"og:image:height\" content=\"701\" \/>\n\t<meta property=\"og:image:type\" content=\"image\/jpeg\" \/>\n<meta name=\"author\" content=\"admin_lies\" \/>\n<meta name=\"twitter:card\" content=\"summary_large_image\" \/>\n<meta name=\"twitter:label1\" content=\"\u00c9crit par\" \/>\n\t<meta name=\"twitter:data1\" content=\"admin_lies\" \/>\n\t<meta name=\"twitter:label2\" content=\"Dur\u00e9e de lecture estim\u00e9e\" \/>\n\t<meta name=\"twitter:data2\" content=\"2 minutes\" \/>\n<script type=\"application\/ld+json\" class=\"yoast-schema-graph\">{\"@context\":\"https:\/\/schema.org\",\"@graph\":[{\"@type\":\"WebPage\",\"@id\":\"https:\/\/www.tunisia-rentcar.com\/blog\/2019\/09\/11\/salon-dautomobile-francfort-2019-une-occasion-des-nouvelles-voitures\/\",\"url\":\"https:\/\/www.tunisia-rentcar.com\/blog\/2019\/09\/11\/salon-dautomobile-francfort-2019-une-occasion-des-nouvelles-voitures\/\",\"name\":\"Salon d\u2019automobile Francfort : une occasion des nouvelles \u00e9lectriques.\",\"isPartOf\":{\"@id\":\"https:\/\/www.tunisia-rentcar.com\/blog\/#website\"},\"datePublished\":\"2019-09-11T10:28:57+00:00\",\"dateModified\":\"2020-01-04T18:32:26+00:00\",\"author\":{\"@id\":\"https:\/\/www.tunisia-rentcar.com\/blog\/#\/schema\/person\/4d8879423e58830dd0ce12bacfcc71c0\"},\"description\":\"Salon d\u2019automobile Francfort 2019 :une occasion des nouvelles \u00e9lectriques en Allemagne. D\u00e9couvrez les nouveaut\u00e9s des automobiles dans notre article de blog.\",\"breadcrumb\":{\"@id\":\"https:\/\/www.tunisia-rentcar.com\/blog\/2019\/09\/11\/salon-dautomobile-francfort-2019-une-occasion-des-nouvelles-voitures\/#breadcrumb\"},\"inLanguage\":\"fr-FR\",\"potentialAction\":[{\"@type\":\"ReadAction\",\"target\":[\"https:\/\/www.tunisia-rentcar.com\/blog\/2019\/09\/11\/salon-dautomobile-francfort-2019-une-occasion-des-nouvelles-voitures\/\"]}]},{\"@type\":\"BreadcrumbList\",\"@id\":\"https:\/\/www.tunisia-rentcar.com\/blog\/2019\/09\/11\/salon-dautomobile-francfort-2019-une-occasion-des-nouvelles-voitures\/#breadcrumb\",\"itemListElement\":[{\"@type\":\"ListItem\",\"position\":1,\"name\":\"Accueil\",\"item\":\"https:\/\/www.tunisia-rentcar.com\/blog\/\"},{\"@type\":\"ListItem\",\"position\":2,\"name\":\"Salon d\u2019automobile Francfort 2019 : une occasion des nouvelles voitures.\"}]},{\"@type\":\"WebSite\",\"@id\":\"https:\/\/www.tunisia-rentcar.com\/blog\/#website\",\"url\":\"https:\/\/www.tunisia-rentcar.com\/blog\/\",\"name\":\"Blog Tunisia Rentcar\",\"description\":\"Blog Tunisia Rentcar Trust\",\"potentialAction\":[{\"@type\":\"SearchAction\",\"target\":{\"@type\":\"EntryPoint\",\"urlTemplate\":\"https:\/\/www.tunisia-rentcar.com\/blog\/?s={search_term_string}\"},\"query-input\":\"required name=search_term_string\"}],\"inLanguage\":\"fr-FR\"},{\"@type\":\"Person\",\"@id\":\"https:\/\/www.tunisia-rentcar.com\/blog\/#\/schema\/person\/4d8879423e58830dd0ce12bacfcc71c0\",\"name\":\"admin_lies\",\"image\":{\"@type\":\"ImageObject\",\"inLanguage\":\"fr-FR\",\"@id\":\"https:\/\/www.tunisia-rentcar.com\/blog\/#\/schema\/person\/image\/\",\"url\":\"https:\/\/secure.gravatar.com\/avatar\/f45c6ea960354da0258c1d1977e7fe6dbb8946ff642dcbd431ef6ed020bd519b?s=96&d=mm&r=g\",\"contentUrl\":\"https:\/\/secure.gravatar.com\/avatar\/f45c6ea960354da0258c1d1977e7fe6dbb8946ff642dcbd431ef6ed020bd519b?s=96&d=mm&r=g\",\"caption\":\"admin_lies\"},\"url\":\"https:\/\/www.tunisia-rentcar.com\/blog\/author\/admin_lies\/\"}]}<\/script>\n<!-- \/ Yoast SEO plugin. -->","yoast_head_json":{"title":"Salon d\u2019automobile Francfort : une occasion des nouvelles \u00e9lectriques.","description":"Salon d\u2019automobile Francfort 2019 :une occasion des nouvelles \u00e9lectriques en Allemagne. D\u00e9couvrez les nouveaut\u00e9s des automobiles dans notre article de blog.","robots":{"index":"index","follow":"follow","max-snippet":"max-snippet:-1","max-image-preview":"max-image-preview:large","max-video-preview":"max-video-preview:-1"},"canonical":"https:\/\/www.tunisia-rentcar.com\/blog\/2019\/09\/11\/salon-dautomobile-francfort-2019-une-occasion-des-nouvelles-voitures\/","og_locale":"fr_FR","og_type":"article","og_title":"Salon d\u2019automobile Francfort : une occasion des nouvelles \u00e9lectriques.","og_description":"Salon d\u2019automobile Francfort 2019 :une occasion des nouvelles \u00e9lectriques en Allemagne. D\u00e9couvrez les nouveaut\u00e9s des automobiles dans notre article de blog.","og_url":"https:\/\/www.tunisia-rentcar.com\/blog\/2019\/09\/11\/salon-dautomobile-francfort-2019-une-occasion-des-nouvelles-voitures\/","og_site_name":"Blog Tunisia Rentcar","article_published_time":"2019-09-11T10:28:57+00:00","article_modified_time":"2020-01-04T18:32:26+00:00","og_image":[{"width":1248,"height":701,"url":"https:\/\/www.tunisia-rentcar.com\/blog\/wp-content\/uploads\/2019\/09\/000_dv2128840.22e2d092253.original.jpg","type":"image\/jpeg"}],"author":"admin_lies","twitter_card":"summary_large_image","twitter_misc":{"\u00c9crit par":"admin_lies","Dur\u00e9e de lecture estim\u00e9e":"2 minutes"},"schema":{"@context":"https:\/\/schema.org","@graph":[{"@type":"WebPage","@id":"https:\/\/www.tunisia-rentcar.com\/blog\/2019\/09\/11\/salon-dautomobile-francfort-2019-une-occasion-des-nouvelles-voitures\/","url":"https:\/\/www.tunisia-rentcar.com\/blog\/2019\/09\/11\/salon-dautomobile-francfort-2019-une-occasion-des-nouvelles-voitures\/","name":"Salon d\u2019automobile Francfort : une occasion des nouvelles \u00e9lectriques.","isPartOf":{"@id":"https:\/\/www.tunisia-rentcar.com\/blog\/#website"},"datePublished":"2019-09-11T10:28:57+00:00","dateModified":"2020-01-04T18:32:26+00:00","author":{"@id":"https:\/\/www.tunisia-rentcar.com\/blog\/#\/schema\/person\/4d8879423e58830dd0ce12bacfcc71c0"},"description":"Salon d\u2019automobile Francfort 2019 :une occasion des nouvelles \u00e9lectriques en Allemagne. D\u00e9couvrez les nouveaut\u00e9s des automobiles dans notre article de blog.","breadcrumb":{"@id":"https:\/\/www.tunisia-rentcar.com\/blog\/2019\/09\/11\/salon-dautomobile-francfort-2019-une-occasion-des-nouvelles-voitures\/#breadcrumb"},"inLanguage":"fr-FR","potentialAction":[{"@type":"ReadAction","target":["https:\/\/www.tunisia-rentcar.com\/blog\/2019\/09\/11\/salon-dautomobile-francfort-2019-une-occasion-des-nouvelles-voitures\/"]}]},{"@type":"BreadcrumbList","@id":"https:\/\/www.tunisia-rentcar.com\/blog\/2019\/09\/11\/salon-dautomobile-francfort-2019-une-occasion-des-nouvelles-voitures\/#breadcrumb","itemListElement":[{"@type":"ListItem","position":1,"name":"Accueil","item":"https:\/\/www.tunisia-rentcar.com\/blog\/"},{"@type":"ListItem","position":2,"name":"Salon d\u2019automobile Francfort 2019 : une occasion des nouvelles voitures."}]},{"@type":"WebSite","@id":"https:\/\/www.tunisia-rentcar.com\/blog\/#website","url":"https:\/\/www.tunisia-rentcar.com\/blog\/","name":"Blog Tunisia Rentcar","description":"Blog Tunisia Rentcar Trust","potentialAction":[{"@type":"SearchAction","target":{"@type":"EntryPoint","urlTemplate":"https:\/\/www.tunisia-rentcar.com\/blog\/?s={search_term_string}"},"query-input":"required name=search_term_string"}],"inLanguage":"fr-FR"},{"@type":"Person","@id":"https:\/\/www.tunisia-rentcar.com\/blog\/#\/schema\/person\/4d8879423e58830dd0ce12bacfcc71c0","name":"admin_lies","image":{"@type":"ImageObject","inLanguage":"fr-FR","@id":"https:\/\/www.tunisia-rentcar.com\/blog\/#\/schema\/person\/image\/","url":"https:\/\/secure.gravatar.com\/avatar\/f45c6ea960354da0258c1d1977e7fe6dbb8946ff642dcbd431ef6ed020bd519b?s=96&d=mm&r=g","contentUrl":"https:\/\/secure.gravatar.com\/avatar\/f45c6ea960354da0258c1d1977e7fe6dbb8946ff642dcbd431ef6ed020bd519b?s=96&d=mm&r=g","caption":"admin_lies"},"url":"https:\/\/www.tunisia-rentcar.com\/blog\/author\/admin_lies\/"}]}},"_links":{"self":[{"href":"https:\/\/www.tunisia-rentcar.com\/blog\/wp-json\/wp\/v2\/posts\/413","targetHints":{"allow":["GET"]}}],"collection":[{"href":"https:\/\/www.tunisia-rentcar.com\/blog\/wp-json\/wp\/v2\/posts"}],"about":[{"href":"https:\/\/www.tunisia-rentcar.com\/blog\/wp-json\/wp\/v2\/types\/post"}],"author":[{"embeddable":true,"href":"https:\/\/www.tunisia-rentcar.com\/blog\/wp-json\/wp\/v2\/users\/1"}],"replies":[{"embeddable":true,"href":"https:\/\/www.tunisia-rentcar.com\/blog\/wp-json\/wp\/v2\/comments?post=413"}],"version-history":[{"count":3,"href":"https:\/\/www.tunisia-rentcar.com\/blog\/wp-json\/wp\/v2\/posts\/413\/revisions"}],"predecessor-version":[{"id":571,"href":"https:\/\/www.tunisia-rentcar.com\/blog\/wp-json\/wp\/v2\/posts\/413\/revisions\/571"}],"wp:featuredmedia":[{"embeddable":true,"href":"https:\/\/www.tunisia-rentcar.com\/blog\/wp-json\/wp\/v2\/media\/414"}],"wp:attachment":[{"href":"https:\/\/www.tunisia-rentcar.com\/blog\/wp-json\/wp\/v2\/media?parent=413"}],"wp:term":[{"taxonomy":"category","embeddable":true,"href":"https:\/\/www.tunisia-rentcar.com\/blog\/wp-json\/wp\/v2\/categories?post=413"},{"taxonomy":"post_tag","embeddable":true,"href":"https:\/\/www.tunisia-rentcar.com\/blog\/wp-json\/wp\/v2\/tags?post=413"}],"curies":[{"name":"wp","href":"https:\/\/api.w.org\/{rel}","templated":true}]}}