{"id":1247,"date":"2021-06-30T22:15:38","date_gmt":"2021-06-30T20:15:38","guid":{"rendered":"https:\/\/www.tunisia-rentcar.com\/blog\/?p=1247"},"modified":"2021-07-01T10:35:04","modified_gmt":"2021-07-01T08:35:04","slug":"volkswagen-polo-restylee-plus-agressive-mais-toujours-sombre","status":"publish","type":"post","link":"https:\/\/www.tunisia-rentcar.com\/blog\/2021\/06\/30\/volkswagen-polo-restylee-plus-agressive-mais-toujours-sombre\/","title":{"rendered":"Volkswagen Polo restyl\u00e9e : plus agressive mais toujours sombre"},"content":{"rendered":"\n<p><a href=\"https:\/\/www.volkswagen.tn\/fr.html\" target=\"_blank\" rel=\"noreferrer noopener\">Volkswagen<\/a> a choisi de marquer une v\u00e9ritable distinction visuelle. Elle d\u00e9voile la version restyl\u00e9e de la polo GTI. C\u2019est une v\u00e9ritable distinction visuelle avec la pr\u00e9c\u00e9dente citadine avec un design affirm\u00e9 et une puissance qui passe \u00e0 207 ch. Alors quelles sont les caract\u00e9ristiques de cette variante&nbsp;?<\/p>\n\n\n\n<h1 class=\"wp-block-heading\"><strong>Volkswagen 2021&nbsp;: Finition avec un ch\u00e2ssis abaiss\u00e9&nbsp;:<\/strong><\/h1>\n\n\n\n<p>La nouvelle automobile se rapproche un peu plus de l\u2019image de Golf 8, et verra retour d\u2019une version GTI. En effet, on notera les nouveaux phares antibrouillards divis\u00e9s \u00e0 la baguette rouge de la calandre.<\/p>\n\n\n\n<p>&nbsp;Elle se caract\u00e9rise par&nbsp;: 7 airbags, allumage automatique des phares, r\u00e9gulateur de vitesse, radio avec \u00e9cran tactile 6.5 pouces et avec une compatibilit\u00e9 Apple carplay et Android Auto.<\/p>\n\n\n\n<p>Les optiques sont \u00e0 LED d\u00e9s l\u2019entr\u00e9e de gamme. Ils changent de signature lumineuse en abandonnant le zigzag pour 2 barrettes. On retrouve l\u2019agencement de la Polo restyl\u00e9e avec le combin\u00e9 num\u00e9rique digital cockpit (version pro de 10.25 pouces)<\/p>\n\n\n\n<h2 class=\"wp-block-heading\"><strong>Un int\u00e9rieur plus proche de la Golf mais toujours sobre<\/strong><\/h2>\n\n\n\n<p>On remarque que les garnitures noires entourant la surface vitr\u00e9e et sur les r\u00e9troviseurs, un volant multifonction en cuir, un arri\u00e8re qui conserve un style plut\u00f4t sobre, une banquette arri\u00e8re rabattable en 2\/3-1\/3<\/p>\n\n\n\n<h3 class=\"wp-block-heading\"><strong>Entre modernit\u00e9 et tradition&nbsp;:<\/strong><\/h3>\n\n\n\n<p>La nouvelle automobile se d\u00e9voile avec d\u2019autres finitions&nbsp;:<\/p>\n\n\n\n<ul class=\"wp-block-list\"><li>Des capteurs de pluie pour les essuie-glaces<\/li><li>Une climatisation automatique<\/li><li>Des radars de stationnement<\/li><li>Interface Bluetooth pour t\u00e9l\u00e9phone mains libres<\/li><li>Sop &amp; start<\/li><li>R\u00e9gulateur et limiteur de vitesse<\/li><li>Lane Assist<\/li><\/ul>\n\n\n\n<p>Finalement, Les prix de la Polo GTI restyl\u00e9e n\u2019ont pas encore \u00e9t\u00e9 communiqu\u00e9s.<\/p>\n","protected":false},"excerpt":{"rendered":"<p>Volkswagen a choisi de marquer une v\u00e9ritable distinction visuelle. Elle d\u00e9voile la version restyl\u00e9e de la polo GTI. C\u2019est une v\u00e9ritable distinction visuelle avec la pr\u00e9c\u00e9dente citadine avec un design&hellip;<\/p>\n","protected":false},"author":1,"featured_media":1248,"comment_status":"open","ping_status":"open","sticky":false,"template":"","format":"standard","meta":{"footnotes":""},"categories":[1],"tags":[],"class_list":["post-1247","post","type-post","status-publish","format-standard","has-post-thumbnail","hentry","category-actualites"],"yoast_head":"<!-- This site is optimized with the Yoast SEO plugin v21.2 - https:\/\/yoast.com\/wordpress\/plugins\/seo\/ -->\n<title>Volkswagen Polo restyl\u00e9e : plus agressive mais toujours sombre !<\/title>\n<meta name=\"description\" content=\"Volkswagen Polo restyl\u00e9e 2021: Entre modernit\u00e9 et tradition la nouvelle automobile se d\u00e9voile avec un design plus agressif mais sombre et avec plusieurs finitions; Retrouvez toutes les caract\u00e9ristiques de cette version!\" \/>\n<meta name=\"robots\" content=\"index, follow, max-snippet:-1, max-image-preview:large, max-video-preview:-1\" \/>\n<link rel=\"canonical\" href=\"https:\/\/www.tunisia-rentcar.com\/blog\/2021\/06\/30\/volkswagen-polo-restylee-plus-agressive-mais-toujours-sombre\/\" \/>\n<meta property=\"og:locale\" content=\"fr_FR\" \/>\n<meta property=\"og:type\" content=\"article\" \/>\n<meta property=\"og:title\" content=\"Volkswagen Polo restyl\u00e9e : plus agressive mais toujours sombre !\" \/>\n<meta property=\"og:description\" content=\"Volkswagen Polo restyl\u00e9e 2021: Entre modernit\u00e9 et tradition la nouvelle automobile se d\u00e9voile avec un design plus agressif mais sombre et avec plusieurs finitions; Retrouvez toutes les caract\u00e9ristiques de cette version!\" \/>\n<meta property=\"og:url\" content=\"https:\/\/www.tunisia-rentcar.com\/blog\/2021\/06\/30\/volkswagen-polo-restylee-plus-agressive-mais-toujours-sombre\/\" \/>\n<meta property=\"og:site_name\" content=\"Blog Tunisia Rentcar\" \/>\n<meta property=\"article:published_time\" content=\"2021-06-30T20:15:38+00:00\" \/>\n<meta property=\"article:modified_time\" content=\"2021-07-01T08:35:04+00:00\" \/>\n<meta property=\"og:image\" content=\"https:\/\/www.tunisia-rentcar.com\/blog\/wp-content\/uploads\/2021\/06\/Volkswagen-2021.jpg\" \/>\n\t<meta property=\"og:image:width\" content=\"750\" \/>\n\t<meta property=\"og:image:height\" content=\"410\" \/>\n\t<meta property=\"og:image:type\" content=\"image\/jpeg\" \/>\n<meta name=\"author\" content=\"admin_lies\" \/>\n<meta name=\"twitter:card\" content=\"summary_large_image\" \/>\n<meta name=\"twitter:label1\" content=\"\u00c9crit par\" \/>\n\t<meta name=\"twitter:data1\" content=\"admin_lies\" \/>\n\t<meta name=\"twitter:label2\" content=\"Dur\u00e9e de lecture estim\u00e9e\" \/>\n\t<meta name=\"twitter:data2\" content=\"2 minutes\" \/>\n<script type=\"application\/ld+json\" class=\"yoast-schema-graph\">{\"@context\":\"https:\/\/schema.org\",\"@graph\":[{\"@type\":\"WebPage\",\"@id\":\"https:\/\/www.tunisia-rentcar.com\/blog\/2021\/06\/30\/volkswagen-polo-restylee-plus-agressive-mais-toujours-sombre\/\",\"url\":\"https:\/\/www.tunisia-rentcar.com\/blog\/2021\/06\/30\/volkswagen-polo-restylee-plus-agressive-mais-toujours-sombre\/\",\"name\":\"Volkswagen Polo restyl\u00e9e : plus agressive mais toujours sombre !\",\"isPartOf\":{\"@id\":\"https:\/\/www.tunisia-rentcar.com\/blog\/#website\"},\"datePublished\":\"2021-06-30T20:15:38+00:00\",\"dateModified\":\"2021-07-01T08:35:04+00:00\",\"author\":{\"@id\":\"https:\/\/www.tunisia-rentcar.com\/blog\/#\/schema\/person\/4d8879423e58830dd0ce12bacfcc71c0\"},\"description\":\"Volkswagen Polo restyl\u00e9e 2021: Entre modernit\u00e9 et tradition la nouvelle automobile se d\u00e9voile avec un design plus agressif mais sombre et avec plusieurs finitions; Retrouvez toutes les caract\u00e9ristiques de cette version!\",\"breadcrumb\":{\"@id\":\"https:\/\/www.tunisia-rentcar.com\/blog\/2021\/06\/30\/volkswagen-polo-restylee-plus-agressive-mais-toujours-sombre\/#breadcrumb\"},\"inLanguage\":\"fr-FR\",\"potentialAction\":[{\"@type\":\"ReadAction\",\"target\":[\"https:\/\/www.tunisia-rentcar.com\/blog\/2021\/06\/30\/volkswagen-polo-restylee-plus-agressive-mais-toujours-sombre\/\"]}]},{\"@type\":\"BreadcrumbList\",\"@id\":\"https:\/\/www.tunisia-rentcar.com\/blog\/2021\/06\/30\/volkswagen-polo-restylee-plus-agressive-mais-toujours-sombre\/#breadcrumb\",\"itemListElement\":[{\"@type\":\"ListItem\",\"position\":1,\"name\":\"Accueil\",\"item\":\"https:\/\/www.tunisia-rentcar.com\/blog\/\"},{\"@type\":\"ListItem\",\"position\":2,\"name\":\"Volkswagen Polo restyl\u00e9e : plus agressive mais toujours sombre\"}]},{\"@type\":\"WebSite\",\"@id\":\"https:\/\/www.tunisia-rentcar.com\/blog\/#website\",\"url\":\"https:\/\/www.tunisia-rentcar.com\/blog\/\",\"name\":\"Blog Tunisia Rentcar\",\"description\":\"Blog Tunisia Rentcar Trust\",\"potentialAction\":[{\"@type\":\"SearchAction\",\"target\":{\"@type\":\"EntryPoint\",\"urlTemplate\":\"https:\/\/www.tunisia-rentcar.com\/blog\/?s={search_term_string}\"},\"query-input\":\"required name=search_term_string\"}],\"inLanguage\":\"fr-FR\"},{\"@type\":\"Person\",\"@id\":\"https:\/\/www.tunisia-rentcar.com\/blog\/#\/schema\/person\/4d8879423e58830dd0ce12bacfcc71c0\",\"name\":\"admin_lies\",\"image\":{\"@type\":\"ImageObject\",\"inLanguage\":\"fr-FR\",\"@id\":\"https:\/\/www.tunisia-rentcar.com\/blog\/#\/schema\/person\/image\/\",\"url\":\"https:\/\/secure.gravatar.com\/avatar\/f45c6ea960354da0258c1d1977e7fe6dbb8946ff642dcbd431ef6ed020bd519b?s=96&d=mm&r=g\",\"contentUrl\":\"https:\/\/secure.gravatar.com\/avatar\/f45c6ea960354da0258c1d1977e7fe6dbb8946ff642dcbd431ef6ed020bd519b?s=96&d=mm&r=g\",\"caption\":\"admin_lies\"},\"url\":\"https:\/\/www.tunisia-rentcar.com\/blog\/author\/admin_lies\/\"}]}<\/script>\n<!-- \/ Yoast SEO plugin. -->","yoast_head_json":{"title":"Volkswagen Polo restyl\u00e9e : plus agressive mais toujours sombre !","description":"Volkswagen Polo restyl\u00e9e 2021: Entre modernit\u00e9 et tradition la nouvelle automobile se d\u00e9voile avec un design plus agressif mais sombre et avec plusieurs finitions; Retrouvez toutes les caract\u00e9ristiques de cette version!","robots":{"index":"index","follow":"follow","max-snippet":"max-snippet:-1","max-image-preview":"max-image-preview:large","max-video-preview":"max-video-preview:-1"},"canonical":"https:\/\/www.tunisia-rentcar.com\/blog\/2021\/06\/30\/volkswagen-polo-restylee-plus-agressive-mais-toujours-sombre\/","og_locale":"fr_FR","og_type":"article","og_title":"Volkswagen Polo restyl\u00e9e : plus agressive mais toujours sombre !","og_description":"Volkswagen Polo restyl\u00e9e 2021: Entre modernit\u00e9 et tradition la nouvelle automobile se d\u00e9voile avec un design plus agressif mais sombre et avec plusieurs finitions; Retrouvez toutes les caract\u00e9ristiques de cette version!","og_url":"https:\/\/www.tunisia-rentcar.com\/blog\/2021\/06\/30\/volkswagen-polo-restylee-plus-agressive-mais-toujours-sombre\/","og_site_name":"Blog Tunisia Rentcar","article_published_time":"2021-06-30T20:15:38+00:00","article_modified_time":"2021-07-01T08:35:04+00:00","og_image":[{"width":750,"height":410,"url":"https:\/\/www.tunisia-rentcar.com\/blog\/wp-content\/uploads\/2021\/06\/Volkswagen-2021.jpg","type":"image\/jpeg"}],"author":"admin_lies","twitter_card":"summary_large_image","twitter_misc":{"\u00c9crit par":"admin_lies","Dur\u00e9e de lecture estim\u00e9e":"2 minutes"},"schema":{"@context":"https:\/\/schema.org","@graph":[{"@type":"WebPage","@id":"https:\/\/www.tunisia-rentcar.com\/blog\/2021\/06\/30\/volkswagen-polo-restylee-plus-agressive-mais-toujours-sombre\/","url":"https:\/\/www.tunisia-rentcar.com\/blog\/2021\/06\/30\/volkswagen-polo-restylee-plus-agressive-mais-toujours-sombre\/","name":"Volkswagen Polo restyl\u00e9e : plus agressive mais toujours sombre !","isPartOf":{"@id":"https:\/\/www.tunisia-rentcar.com\/blog\/#website"},"datePublished":"2021-06-30T20:15:38+00:00","dateModified":"2021-07-01T08:35:04+00:00","author":{"@id":"https:\/\/www.tunisia-rentcar.com\/blog\/#\/schema\/person\/4d8879423e58830dd0ce12bacfcc71c0"},"description":"Volkswagen Polo restyl\u00e9e 2021: Entre modernit\u00e9 et tradition la nouvelle automobile se d\u00e9voile avec un design plus agressif mais sombre et avec plusieurs finitions; Retrouvez toutes les caract\u00e9ristiques de cette version!","breadcrumb":{"@id":"https:\/\/www.tunisia-rentcar.com\/blog\/2021\/06\/30\/volkswagen-polo-restylee-plus-agressive-mais-toujours-sombre\/#breadcrumb"},"inLanguage":"fr-FR","potentialAction":[{"@type":"ReadAction","target":["https:\/\/www.tunisia-rentcar.com\/blog\/2021\/06\/30\/volkswagen-polo-restylee-plus-agressive-mais-toujours-sombre\/"]}]},{"@type":"BreadcrumbList","@id":"https:\/\/www.tunisia-rentcar.com\/blog\/2021\/06\/30\/volkswagen-polo-restylee-plus-agressive-mais-toujours-sombre\/#breadcrumb","itemListElement":[{"@type":"ListItem","position":1,"name":"Accueil","item":"https:\/\/www.tunisia-rentcar.com\/blog\/"},{"@type":"ListItem","position":2,"name":"Volkswagen Polo restyl\u00e9e : plus agressive mais toujours sombre"}]},{"@type":"WebSite","@id":"https:\/\/www.tunisia-rentcar.com\/blog\/#website","url":"https:\/\/www.tunisia-rentcar.com\/blog\/","name":"Blog Tunisia Rentcar","description":"Blog Tunisia Rentcar Trust","potentialAction":[{"@type":"SearchAction","target":{"@type":"EntryPoint","urlTemplate":"https:\/\/www.tunisia-rentcar.com\/blog\/?s={search_term_string}"},"query-input":"required name=search_term_string"}],"inLanguage":"fr-FR"},{"@type":"Person","@id":"https:\/\/www.tunisia-rentcar.com\/blog\/#\/schema\/person\/4d8879423e58830dd0ce12bacfcc71c0","name":"admin_lies","image":{"@type":"ImageObject","inLanguage":"fr-FR","@id":"https:\/\/www.tunisia-rentcar.com\/blog\/#\/schema\/person\/image\/","url":"https:\/\/secure.gravatar.com\/avatar\/f45c6ea960354da0258c1d1977e7fe6dbb8946ff642dcbd431ef6ed020bd519b?s=96&d=mm&r=g","contentUrl":"https:\/\/secure.gravatar.com\/avatar\/f45c6ea960354da0258c1d1977e7fe6dbb8946ff642dcbd431ef6ed020bd519b?s=96&d=mm&r=g","caption":"admin_lies"},"url":"https:\/\/www.tunisia-rentcar.com\/blog\/author\/admin_lies\/"}]}},"_links":{"self":[{"href":"https:\/\/www.tunisia-rentcar.com\/blog\/wp-json\/wp\/v2\/posts\/1247","targetHints":{"allow":["GET"]}}],"collection":[{"href":"https:\/\/www.tunisia-rentcar.com\/blog\/wp-json\/wp\/v2\/posts"}],"about":[{"href":"https:\/\/www.tunisia-rentcar.com\/blog\/wp-json\/wp\/v2\/types\/post"}],"author":[{"embeddable":true,"href":"https:\/\/www.tunisia-rentcar.com\/blog\/wp-json\/wp\/v2\/users\/1"}],"replies":[{"embeddable":true,"href":"https:\/\/www.tunisia-rentcar.com\/blog\/wp-json\/wp\/v2\/comments?post=1247"}],"version-history":[{"count":3,"href":"https:\/\/www.tunisia-rentcar.com\/blog\/wp-json\/wp\/v2\/posts\/1247\/revisions"}],"predecessor-version":[{"id":1252,"href":"https:\/\/www.tunisia-rentcar.com\/blog\/wp-json\/wp\/v2\/posts\/1247\/revisions\/1252"}],"wp:featuredmedia":[{"embeddable":true,"href":"https:\/\/www.tunisia-rentcar.com\/blog\/wp-json\/wp\/v2\/media\/1248"}],"wp:attachment":[{"href":"https:\/\/www.tunisia-rentcar.com\/blog\/wp-json\/wp\/v2\/media?parent=1247"}],"wp:term":[{"taxonomy":"category","embeddable":true,"href":"https:\/\/www.tunisia-rentcar.com\/blog\/wp-json\/wp\/v2\/categories?post=1247"},{"taxonomy":"post_tag","embeddable":true,"href":"https:\/\/www.tunisia-rentcar.com\/blog\/wp-json\/wp\/v2\/tags?post=1247"}],"curies":[{"name":"wp","href":"https:\/\/api.w.org\/{rel}","templated":true}]}}